{"id":13582,"date":"2016-06-16T23:04:47","date_gmt":"2016-06-16T23:04:47","guid":{"rendered":""},"modified":"2016-06-16T23:04:47","modified_gmt":"2016-06-16T23:04:47","slug":"panameno-especializado-en-sistemas-viaja-a-juegos-olimpicos","status":"publish","type":"post","link":"https:\/\/sertv.gob.pa\/nacionalfm\/panameno-especializado-en-sistemas-viaja-a-juegos-olimpicos\/","title":{"rendered":"Paname\u00f1o especializado en sistemas viaja a Juegos Ol\u00edmpicos"},"content":{"rendered":"<p>\nGuillermo Vargas, un joven paname\u00f1o especializado en sistemas computacionales, recibi\u00f3 la notificaci\u00f3n online por parte del Comit\u00e9 Organizador de los Juegos Ol\u00edmpicos para que se sume como voluntario en los Juegos Ol\u00edmpicos y Juegos Paral\u00edmpicos de R\u00edo de Janeiro 2016. <\/p>\n<p>Vargas viajar\u00e1 a Brasil el 2 de julio para formar parte del proceso de preparaci\u00f3n, y estar\u00e1 en el recibimiento de las delegaciones del m\u00e1ximo evento deportivo del mundo. <\/p>\n<p>Guillermo expres\u00f3 que se siente contento de haber sido admitido despu\u00e9s de cumplir con los requisitos y un proceso largo de entrevistas. <\/p>\n<p>Guillermo Vargas fue escogido, seg\u00fan manifest\u00f3 por su conocimiento en el idioma ingl\u00e9s, portugu\u00e9s y en la atenci\u00f3n al cliente.\u00a0 Vargas visit\u00f3 al Comit\u00e9 Ol\u00edmpico de Panam\u00e1 y conoci\u00f3 al presidente del Comit\u00e9 Ol\u00edmpico de Panam\u00e1, el ingeniero Camilo Amado. <\/p>\n<p>\u00a0 <\/p>\n","protected":false},"excerpt":{"rendered":"<p>Guillermo Vargas, un joven paname\u00f1o especializado en sistemas computacionales, recibi\u00f3 <a href=\"https:\/\/sertv.gob.pa\/nacionalfm\/panameno-especializado-en-sistemas-viaja-a-juegos-olimpicos\/\"> [&#8230;]<\/a><\/p>\n","protected":false},"author":1,"featured_media":13583,"comment_status":"closed","ping_status":"closed","sticky":false,"template":"","format":"standard","meta":{"footnotes":""},"categories":[4],"tags":[],"class_list":["post-13582","post","type-post","status-publish","format-standard","has-post-thumbnail","hentry","category-deportes"],"_links":{"self":[{"href":"https:\/\/sertv.gob.pa\/nacionalfm\/wp-json\/wp\/v2\/posts\/13582","targetHints":{"allow":["GET"]}}],"collection":[{"href":"https:\/\/sertv.gob.pa\/nacionalfm\/wp-json\/wp\/v2\/posts"}],"about":[{"href":"https:\/\/sertv.gob.pa\/nacionalfm\/wp-json\/wp\/v2\/types\/post"}],"author":[{"embeddable":true,"href":"https:\/\/sertv.gob.pa\/nacionalfm\/wp-json\/wp\/v2\/users\/1"}],"replies":[{"embeddable":true,"href":"https:\/\/sertv.gob.pa\/nacionalfm\/wp-json\/wp\/v2\/comments?post=13582"}],"version-history":[{"count":0,"href":"https:\/\/sertv.gob.pa\/nacionalfm\/wp-json\/wp\/v2\/posts\/13582\/revisions"}],"wp:featuredmedia":[{"embeddable":true,"href":"https:\/\/sertv.gob.pa\/nacionalfm\/wp-json\/wp\/v2\/media\/13583"}],"wp:attachment":[{"href":"https:\/\/sertv.gob.pa\/nacionalfm\/wp-json\/wp\/v2\/media?parent=13582"}],"wp:term":[{"taxonomy":"category","embeddable":true,"href":"https:\/\/sertv.gob.pa\/nacionalfm\/wp-json\/wp\/v2\/categories?post=13582"},{"taxonomy":"post_tag","embeddable":true,"href":"https:\/\/sertv.gob.pa\/nacionalfm\/wp-json\/wp\/v2\/tags?post=13582"}],"curies":[{"name":"wp","href":"https:\/\/api.w.org\/{rel}","templated":true}]}}