{"id":13584,"date":"2016-06-16T23:22:17","date_gmt":"2016-06-16T23:22:17","guid":{"rendered":""},"modified":"2016-06-16T23:22:17","modified_gmt":"2016-06-16T23:22:17","slug":"anuncian-listado-oficial-de-seleccion-mayor-de-baloncesto","status":"publish","type":"post","link":"https:\/\/sertv.gob.pa\/nacionalfm\/anuncian-listado-oficial-de-seleccion-mayor-de-baloncesto\/","title":{"rendered":"Anuncian listado oficial de Selecci\u00f3n Mayor de Baloncesto"},"content":{"rendered":"<p>\n La Federaci\u00f3n Paname\u00f1a de Baloncesto que preside Jair Peralta, dio a conocer el listado oficial de la Selecci\u00f3n Nacional Mayor de Baloncesto, que nos representar\u00e1 en el CENTROBASKET, del domingo 19 al 25 de junio en la Arena Roberto Dur\u00e1n.  <\/p>\n<p> El listado de jugadores es el siguiente Joel Mu\u00f1oz, Edward &ldquo;Ed&rdquo; Jones, Tony Bishop, Daniel King, Christopher &ldquo;Chris&rdquo; Warren, Josimar &ldquo;El Guas\u00f3n&rdquo; Ayarza, Michael Hicks, Jonathan King, Eugenio &ldquo;Yuy\u00edn&rdquo; Luzcando, Akil Mitchel, Jaime &ldquo;La Mole&rdquo; Lloreda y Ernesto &ldquo;Mauro&rdquo; Oglive.  <\/p>\n<p> El cuerpo t\u00e9cnico est\u00e1 compuesto por Joaqu\u00edn Ruiz Lorente, Director t\u00e9cnico, Dionisio G\u00f3mez y Alberto Codeso asistentes, lo mismo que LUis Julio, Adriano Mac\u00edas y Jos\u00e9 Gomez.  <\/p>\n<p>  Ronald Herrera Kinesi\u00f3logo, Abraham Abouganem Fisioterapeuta, Antonio \u00abTo\u00f1ito\u00bb Garc\u00eda Gerente de Selecci\u00f3n y Alberto \u00abPopeye\u00bb Duque Delegado.   <\/p>\n<p>\u00a0 <\/p>\n<p>\u00a0 <\/p>\n<p>\u00a0 <\/p>\n<p>\u00a0 <\/p>\n<p>\u00a0 <\/p>\n","protected":false},"excerpt":{"rendered":"<p>La Federaci\u00f3n Paname\u00f1a de Baloncesto que preside Jair Peralta, dio <a href=\"https:\/\/sertv.gob.pa\/nacionalfm\/anuncian-listado-oficial-de-seleccion-mayor-de-baloncesto\/\"> [&#8230;]<\/a><\/p>\n","protected":false},"author":1,"featured_media":13585,"comment_status":"closed","ping_status":"closed","sticky":false,"template":"","format":"standard","meta":{"footnotes":""},"categories":[4],"tags":[],"class_list":["post-13584","post","type-post","status-publish","format-standard","has-post-thumbnail","hentry","category-deportes"],"_links":{"self":[{"href":"https:\/\/sertv.gob.pa\/nacionalfm\/wp-json\/wp\/v2\/posts\/13584","targetHints":{"allow":["GET"]}}],"collection":[{"href":"https:\/\/sertv.gob.pa\/nacionalfm\/wp-json\/wp\/v2\/posts"}],"about":[{"href":"https:\/\/sertv.gob.pa\/nacionalfm\/wp-json\/wp\/v2\/types\/post"}],"author":[{"embeddable":true,"href":"https:\/\/sertv.gob.pa\/nacionalfm\/wp-json\/wp\/v2\/users\/1"}],"replies":[{"embeddable":true,"href":"https:\/\/sertv.gob.pa\/nacionalfm\/wp-json\/wp\/v2\/comments?post=13584"}],"version-history":[{"count":0,"href":"https:\/\/sertv.gob.pa\/nacionalfm\/wp-json\/wp\/v2\/posts\/13584\/revisions"}],"wp:featuredmedia":[{"embeddable":true,"href":"https:\/\/sertv.gob.pa\/nacionalfm\/wp-json\/wp\/v2\/media\/13585"}],"wp:attachment":[{"href":"https:\/\/sertv.gob.pa\/nacionalfm\/wp-json\/wp\/v2\/media?parent=13584"}],"wp:term":[{"taxonomy":"category","embeddable":true,"href":"https:\/\/sertv.gob.pa\/nacionalfm\/wp-json\/wp\/v2\/categories?post=13584"},{"taxonomy":"post_tag","embeddable":true,"href":"https:\/\/sertv.gob.pa\/nacionalfm\/wp-json\/wp\/v2\/tags?post=13584"}],"curies":[{"name":"wp","href":"https:\/\/api.w.org\/{rel}","templated":true}]}}