{"id":13602,"date":"2016-06-17T16:23:46","date_gmt":"2016-06-17T16:23:46","guid":{"rendered":""},"modified":"2016-06-17T16:23:46","modified_gmt":"2016-06-17T16:23:46","slug":"brasil-registra-886-fallecimientos-por-gripe-a-h1n1","status":"publish","type":"post","link":"https:\/\/sertv.gob.pa\/nacionalfm\/brasil-registra-886-fallecimientos-por-gripe-a-h1n1\/","title":{"rendered":"Brasil registra 886 fallecimientos por gripe A (H1N1)"},"content":{"rendered":"<p>\nBrasil registr\u00f3 hasta la primera semana de junio de este a\u00f1o 886 decesos por gripe A, transmitida por el virus H1N1, un n\u00famero casi 25 veces superior al de todo 2015 (36), seg\u00fan un bolet\u00edn divulgado hoy por el Ministerio de Salud. <\/p>\n<p>Del total de muertes provocadas por la igualmente llamada gripe porcina este a\u00f1o, 122, es decir la s\u00e9ptima parte, fueron confirmadas en la semana del 29 de mayo al 4 de junio, en que la ca\u00edda de las temperaturas anticip\u00f3 la llegada del que ya se prev\u00e9 como uno de los inviernos australes m\u00e1s severos en los \u00faltimos a\u00f1os en Brasil. <\/p>\n<p>Los \u00f3bitos por gripe A en la primera semana de junio pr\u00e1cticamente triplican los de todo 2015 y se aproximan a los registrados en todo 2014 (163). <\/p>\n<p>Seg\u00fan el \u00faltimo bolet\u00edn epidemiol\u00f3gico del Ministerio de Salud, hasta el 4 de junio se registraron en Brasil 4,582 casos de contagio de gripe A, frente a los 176 confirmados en el mismo per\u00edodo del a\u00f1o pasado. <\/p>\n<p>Sao Paulo, el estado m\u00e1s poblado y rico de Brasil, es igualmente el m\u00e1s afectado por la gripe A, con 402 muertes este a\u00f1o, seguido por R\u00edo Grande do Sul (105) y Paran\u00e1 (72), ubicados en el extremo sur del pa\u00eds y en los que tradicionalmente se registran las menores temperaturas. <\/p>\n<p>El r\u00e1pido avance de la gripe A este a\u00f1o oblig\u00f3 al Gobierno brasile\u00f1o a lanzar el pasado 30 de abril una intensa campa\u00f1a de vacunaci\u00f3n en todo el pa\u00eds. <\/p>\n<p>De acuerdo con el Ministerio, hasta ahora han sido vacunadas 47.6 millones de personas, lo que representa el 95,5 % del p\u00fablico considerado como prioritario, que incluye ancianos, ni\u00f1os, profesionales del \u00e1rea de la salud, portadores de enfermedades cr\u00f3nicas, mujeres embarazadas e indios. <\/p>\n<p>\u00a0 <\/p>\n","protected":false},"excerpt":{"rendered":"<p>Brasil registr\u00f3 hasta la primera semana de junio de este <a href=\"https:\/\/sertv.gob.pa\/nacionalfm\/brasil-registra-886-fallecimientos-por-gripe-a-h1n1\/\"> [&#8230;]<\/a><\/p>\n","protected":false},"author":1,"featured_media":13603,"comment_status":"closed","ping_status":"closed","sticky":false,"template":"","format":"standard","meta":{"footnotes":""},"categories":[5],"tags":[],"class_list":["post-13602","post","type-post","status-publish","format-standard","has-post-thumbnail","hentry","category-salud"],"_links":{"self":[{"href":"https:\/\/sertv.gob.pa\/nacionalfm\/wp-json\/wp\/v2\/posts\/13602","targetHints":{"allow":["GET"]}}],"collection":[{"href":"https:\/\/sertv.gob.pa\/nacionalfm\/wp-json\/wp\/v2\/posts"}],"about":[{"href":"https:\/\/sertv.gob.pa\/nacionalfm\/wp-json\/wp\/v2\/types\/post"}],"author":[{"embeddable":true,"href":"https:\/\/sertv.gob.pa\/nacionalfm\/wp-json\/wp\/v2\/users\/1"}],"replies":[{"embeddable":true,"href":"https:\/\/sertv.gob.pa\/nacionalfm\/wp-json\/wp\/v2\/comments?post=13602"}],"version-history":[{"count":0,"href":"https:\/\/sertv.gob.pa\/nacionalfm\/wp-json\/wp\/v2\/posts\/13602\/revisions"}],"wp:featuredmedia":[{"embeddable":true,"href":"https:\/\/sertv.gob.pa\/nacionalfm\/wp-json\/wp\/v2\/media\/13603"}],"wp:attachment":[{"href":"https:\/\/sertv.gob.pa\/nacionalfm\/wp-json\/wp\/v2\/media?parent=13602"}],"wp:term":[{"taxonomy":"category","embeddable":true,"href":"https:\/\/sertv.gob.pa\/nacionalfm\/wp-json\/wp\/v2\/categories?post=13602"},{"taxonomy":"post_tag","embeddable":true,"href":"https:\/\/sertv.gob.pa\/nacionalfm\/wp-json\/wp\/v2\/tags?post=13602"}],"curies":[{"name":"wp","href":"https:\/\/api.w.org\/{rel}","templated":true}]}}