{"id":13608,"date":"2016-06-17T16:59:34","date_gmt":"2016-06-17T16:59:34","guid":{"rendered":""},"modified":"2016-06-17T16:59:34","modified_gmt":"2016-06-17T16:59:34","slug":"panama-supera-por-palera-a-costa-rica-en-amistoso-de-basket","status":"publish","type":"post","link":"https:\/\/sertv.gob.pa\/nacionalfm\/panama-supera-por-palera-a-costa-rica-en-amistoso-de-basket\/","title":{"rendered":"Panam\u00e1 supera por palera a Costa Rica en amistoso de Basket"},"content":{"rendered":"<p>\nEn partido amistoso el quinteto de Panam\u00e1 venci\u00f3 por palera a Costa Rica con tablero de 93-48 en la Arena Roberto Dur\u00e1n. <\/p>\n<p>Por Panam\u00e1, los mejores a la ofensiva lo fueron Michael Hicks con 18 puntos seguidos de Chris Warren con 14 tantos, Eugenio Luzcando, Joel Mu\u00f1oz, Tony Bishop y Josimar Ayarza, todos con 8 unidades. <\/p>\n<p>Los m\u00e1s destacados por Costa Rica lo fueron Gabriel Quezada y Kay Mart\u00ednez ambos con 12 tantos, Daniel Simmons con 9 puntos e Isaac Conejo con 6. <\/p>\n<p>Panam\u00e1 debutar\u00e1 el pr\u00f3ximo domingo 19 de junio a las 8:00p.m. de la noche ante Antigua y Barbuda en la fecha inaugural del Torneo Centrobasket &ndash; Panam\u00e1 &ndash; 2016 en la Arena Roberto Dur\u00e1n. <\/p>\n<p>\u00a0 <\/p>\n","protected":false},"excerpt":{"rendered":"<p>En partido amistoso el quinteto de Panam\u00e1 venci\u00f3 por palera <a href=\"https:\/\/sertv.gob.pa\/nacionalfm\/panama-supera-por-palera-a-costa-rica-en-amistoso-de-basket\/\"> [&#8230;]<\/a><\/p>\n","protected":false},"author":1,"featured_media":13609,"comment_status":"closed","ping_status":"closed","sticky":false,"template":"","format":"standard","meta":{"footnotes":""},"categories":[4],"tags":[],"class_list":["post-13608","post","type-post","status-publish","format-standard","has-post-thumbnail","hentry","category-deportes"],"_links":{"self":[{"href":"https:\/\/sertv.gob.pa\/nacionalfm\/wp-json\/wp\/v2\/posts\/13608","targetHints":{"allow":["GET"]}}],"collection":[{"href":"https:\/\/sertv.gob.pa\/nacionalfm\/wp-json\/wp\/v2\/posts"}],"about":[{"href":"https:\/\/sertv.gob.pa\/nacionalfm\/wp-json\/wp\/v2\/types\/post"}],"author":[{"embeddable":true,"href":"https:\/\/sertv.gob.pa\/nacionalfm\/wp-json\/wp\/v2\/users\/1"}],"replies":[{"embeddable":true,"href":"https:\/\/sertv.gob.pa\/nacionalfm\/wp-json\/wp\/v2\/comments?post=13608"}],"version-history":[{"count":0,"href":"https:\/\/sertv.gob.pa\/nacionalfm\/wp-json\/wp\/v2\/posts\/13608\/revisions"}],"wp:featuredmedia":[{"embeddable":true,"href":"https:\/\/sertv.gob.pa\/nacionalfm\/wp-json\/wp\/v2\/media\/13609"}],"wp:attachment":[{"href":"https:\/\/sertv.gob.pa\/nacionalfm\/wp-json\/wp\/v2\/media?parent=13608"}],"wp:term":[{"taxonomy":"category","embeddable":true,"href":"https:\/\/sertv.gob.pa\/nacionalfm\/wp-json\/wp\/v2\/categories?post=13608"},{"taxonomy":"post_tag","embeddable":true,"href":"https:\/\/sertv.gob.pa\/nacionalfm\/wp-json\/wp\/v2\/tags?post=13608"}],"curies":[{"name":"wp","href":"https:\/\/api.w.org\/{rel}","templated":true}]}}