{"id":13612,"date":"2016-06-17T18:33:18","date_gmt":"2016-06-17T18:33:18","guid":{"rendered":""},"modified":"2016-06-17T18:33:18","modified_gmt":"2016-06-17T18:33:18","slug":"300-mil-vacunas-llegaran-a-panama-en-horas-de-la-tarde","status":"publish","type":"post","link":"https:\/\/sertv.gob.pa\/nacionalfm\/300-mil-vacunas-llegaran-a-panama-en-horas-de-la-tarde\/","title":{"rendered":"300 mil vacunas llegar\u00e1n  a Panam\u00e1 en horas de la tarde"},"content":{"rendered":"<p>\nHoy, en horas de la tarde llegar\u00e1n \u00a0a Panam\u00e1 unas 300 mil vacunas contra la influenza A (H1N1), as\u00ed lo inform\u00f3 la Dra. Lourdes Moreno, epidemi\u00f3loga del Ministerio de Salud. <\/p>\n<p>Moreno indic\u00f3 que ni la Caja de Seguro Social ni el Minsa estar\u00e1n vacunando fuera de las instalaciones de salud, excepto en el Parque Omar y la cancha de juego de Santa Marta. \u00abNo estamos vacunando en residencias, pero s\u00ed en escuelas ubicadas en tres regiones\u00bb, a\u00f1adi\u00f3. <\/p>\n<p>Moreno agreg\u00f3 que el\u00a0resto de la semana habr\u00e1 jornada de vacunaci\u00f3n permanente. <\/p>\n<p>Para el lunes llega otra remesa de vacunas, por lo que\u00a0se completan un mill\u00f3n 180 mil. <\/p>\n<p>\u00a0 <\/p>\n","protected":false},"excerpt":{"rendered":"<p>Hoy, en horas de la tarde llegar\u00e1n \u00a0a Panam\u00e1 unas <a href=\"https:\/\/sertv.gob.pa\/nacionalfm\/300-mil-vacunas-llegaran-a-panama-en-horas-de-la-tarde\/\"> [&#8230;]<\/a><\/p>\n","protected":false},"author":1,"featured_media":13613,"comment_status":"closed","ping_status":"closed","sticky":false,"template":"","format":"standard","meta":{"footnotes":""},"categories":[5],"tags":[],"class_list":["post-13612","post","type-post","status-publish","format-standard","has-post-thumbnail","hentry","category-salud"],"_links":{"self":[{"href":"https:\/\/sertv.gob.pa\/nacionalfm\/wp-json\/wp\/v2\/posts\/13612","targetHints":{"allow":["GET"]}}],"collection":[{"href":"https:\/\/sertv.gob.pa\/nacionalfm\/wp-json\/wp\/v2\/posts"}],"about":[{"href":"https:\/\/sertv.gob.pa\/nacionalfm\/wp-json\/wp\/v2\/types\/post"}],"author":[{"embeddable":true,"href":"https:\/\/sertv.gob.pa\/nacionalfm\/wp-json\/wp\/v2\/users\/1"}],"replies":[{"embeddable":true,"href":"https:\/\/sertv.gob.pa\/nacionalfm\/wp-json\/wp\/v2\/comments?post=13612"}],"version-history":[{"count":0,"href":"https:\/\/sertv.gob.pa\/nacionalfm\/wp-json\/wp\/v2\/posts\/13612\/revisions"}],"wp:featuredmedia":[{"embeddable":true,"href":"https:\/\/sertv.gob.pa\/nacionalfm\/wp-json\/wp\/v2\/media\/13613"}],"wp:attachment":[{"href":"https:\/\/sertv.gob.pa\/nacionalfm\/wp-json\/wp\/v2\/media?parent=13612"}],"wp:term":[{"taxonomy":"category","embeddable":true,"href":"https:\/\/sertv.gob.pa\/nacionalfm\/wp-json\/wp\/v2\/categories?post=13612"},{"taxonomy":"post_tag","embeddable":true,"href":"https:\/\/sertv.gob.pa\/nacionalfm\/wp-json\/wp\/v2\/tags?post=13612"}],"curies":[{"name":"wp","href":"https:\/\/api.w.org\/{rel}","templated":true}]}}