{"id":13632,"date":"2016-06-20T15:08:58","date_gmt":"2016-06-20T15:08:58","guid":{"rendered":""},"modified":"2016-06-20T15:08:58","modified_gmt":"2016-06-20T15:08:58","slug":"la-nina-suarez-participa-en-cartelera-batalla-de-campeonas","status":"publish","type":"post","link":"https:\/\/sertv.gob.pa\/nacionalfm\/la-nina-suarez-participa-en-cartelera-batalla-de-campeonas\/","title":{"rendered":"\u201cLa Ni\u00f1a\u201d Su\u00e1rez gana en cartelera \u201cBatalla de Campeonas\u201d"},"content":{"rendered":"<p>\nLa ex campeona de los pesos plumas de la Asociaci\u00f3n Mundial de Boxeo, la venezolana radicada en Panam\u00e1 Oglaydis &ldquo;La Ni\u00f1a&rdquo; Su\u00e1rez particip\u00f3 en la cartelera denominada &ldquo;Batalla de Campeonas&rdquo;, dedicado In Memoriam al presidente em\u00e9rito Gilberto Mendoza, el pasado  s\u00e1bado 25 de junio, en la Guaira, Venezuela.  <\/p>\n<p>La ex campeona mundial obtuvo \u00a0el t\u00edtulo welter \u00a0FEDELATIN al vencer por K.O. en tres asaltos a la colombiana \u00a0Yarley Cuadrado.  <\/p>\n<p>A destacar tambi\u00e9n que otra venezolana Ambar Fajardo, quien radic\u00f3 al inicio de su carrera en Panam\u00e1, perdi\u00f3 por decisi\u00f3n de los jueces ante la \u00a0colombiana Yolis Marrugo. <\/p>\n<p>\u00a0 <\/p>\n","protected":false},"excerpt":{"rendered":"<p>La ex campeona de los pesos plumas de la Asociaci\u00f3n <a href=\"https:\/\/sertv.gob.pa\/nacionalfm\/la-nina-suarez-participa-en-cartelera-batalla-de-campeonas\/\"> [&#8230;]<\/a><\/p>\n","protected":false},"author":1,"featured_media":13633,"comment_status":"closed","ping_status":"closed","sticky":false,"template":"","format":"standard","meta":{"footnotes":""},"categories":[4],"tags":[],"class_list":["post-13632","post","type-post","status-publish","format-standard","has-post-thumbnail","hentry","category-deportes"],"_links":{"self":[{"href":"https:\/\/sertv.gob.pa\/nacionalfm\/wp-json\/wp\/v2\/posts\/13632","targetHints":{"allow":["GET"]}}],"collection":[{"href":"https:\/\/sertv.gob.pa\/nacionalfm\/wp-json\/wp\/v2\/posts"}],"about":[{"href":"https:\/\/sertv.gob.pa\/nacionalfm\/wp-json\/wp\/v2\/types\/post"}],"author":[{"embeddable":true,"href":"https:\/\/sertv.gob.pa\/nacionalfm\/wp-json\/wp\/v2\/users\/1"}],"replies":[{"embeddable":true,"href":"https:\/\/sertv.gob.pa\/nacionalfm\/wp-json\/wp\/v2\/comments?post=13632"}],"version-history":[{"count":0,"href":"https:\/\/sertv.gob.pa\/nacionalfm\/wp-json\/wp\/v2\/posts\/13632\/revisions"}],"wp:featuredmedia":[{"embeddable":true,"href":"https:\/\/sertv.gob.pa\/nacionalfm\/wp-json\/wp\/v2\/media\/13633"}],"wp:attachment":[{"href":"https:\/\/sertv.gob.pa\/nacionalfm\/wp-json\/wp\/v2\/media?parent=13632"}],"wp:term":[{"taxonomy":"category","embeddable":true,"href":"https:\/\/sertv.gob.pa\/nacionalfm\/wp-json\/wp\/v2\/categories?post=13632"},{"taxonomy":"post_tag","embeddable":true,"href":"https:\/\/sertv.gob.pa\/nacionalfm\/wp-json\/wp\/v2\/tags?post=13632"}],"curies":[{"name":"wp","href":"https:\/\/api.w.org\/{rel}","templated":true}]}}