{"id":13636,"date":"2016-06-20T15:25:54","date_gmt":"2016-06-20T15:25:54","guid":{"rendered":""},"modified":"2016-06-20T15:25:54","modified_gmt":"2016-06-20T15:25:54","slug":"mas-de-175-mil-personas-se-vacunaron-este-fin-de-semana","status":"publish","type":"post","link":"https:\/\/sertv.gob.pa\/nacionalfm\/mas-de-175-mil-personas-se-vacunaron-este-fin-de-semana\/","title":{"rendered":"M\u00e1s de 175 mil personas se vacunaron este fin de semana"},"content":{"rendered":"<p>\n Este  fin de semana  175 mil 464 personas  fueron vacunadas en las instalaciones de salud habilitadas para la &ldquo;Jornada Nacional de Vacunaci\u00f3n&rdquo; contra la influenza. <\/p>\n<p>\u00a0As\u00ed lo inform\u00f3 la Secretar\u00eda de Comunicaci\u00f3n del Estado, que detall\u00f3 que el s\u00e1bado 18 de junio se aplicaron 101 mil 105 dosis, mientras que ayer domingo se aplicaron 74 mil 359 vacunas. <\/p>\n<p>En esta jornada laboraron m\u00e1s de mil 500 colaboradores del Ministerio de Salud (Minsa), la Caja de Seguro Social (CSS). <\/p>\n<p>Tambi\u00e9n participaron miembros de la Polic\u00eda Nacional, colaboradores de las facultades de Enfermer\u00eda y Medicina de varias universidades y grupos c\u00edvicos, quienes estuvieron atendiendo a los ciudadanos durante la jornada de vacunaci\u00f3n en 160 instalaciones de salud. <\/p>\n<p>A partir de este lunes 20 de junio el horario de vacunaci\u00f3n ser\u00e1 normal en todas las instalaciones del Minsa y la CSS. <\/p>\n<p>El Gobierno aclar\u00f3 que hay dosis suficientes para la poblaci\u00f3n, &ldquo;ya que la nueva remesa de 680 mil vacunas llegar\u00e1 en horas de la tarde&rdquo; de hoy lunes 20 de junio. <\/p>\n<p>\u00a0 <\/p>\n","protected":false},"excerpt":{"rendered":"<p>Este fin de semana 175 mil 464 personas fueron vacunadas <a href=\"https:\/\/sertv.gob.pa\/nacionalfm\/mas-de-175-mil-personas-se-vacunaron-este-fin-de-semana\/\"> [&#8230;]<\/a><\/p>\n","protected":false},"author":1,"featured_media":13637,"comment_status":"closed","ping_status":"closed","sticky":false,"template":"","format":"standard","meta":{"footnotes":""},"categories":[5],"tags":[],"class_list":["post-13636","post","type-post","status-publish","format-standard","has-post-thumbnail","hentry","category-salud"],"_links":{"self":[{"href":"https:\/\/sertv.gob.pa\/nacionalfm\/wp-json\/wp\/v2\/posts\/13636","targetHints":{"allow":["GET"]}}],"collection":[{"href":"https:\/\/sertv.gob.pa\/nacionalfm\/wp-json\/wp\/v2\/posts"}],"about":[{"href":"https:\/\/sertv.gob.pa\/nacionalfm\/wp-json\/wp\/v2\/types\/post"}],"author":[{"embeddable":true,"href":"https:\/\/sertv.gob.pa\/nacionalfm\/wp-json\/wp\/v2\/users\/1"}],"replies":[{"embeddable":true,"href":"https:\/\/sertv.gob.pa\/nacionalfm\/wp-json\/wp\/v2\/comments?post=13636"}],"version-history":[{"count":0,"href":"https:\/\/sertv.gob.pa\/nacionalfm\/wp-json\/wp\/v2\/posts\/13636\/revisions"}],"wp:featuredmedia":[{"embeddable":true,"href":"https:\/\/sertv.gob.pa\/nacionalfm\/wp-json\/wp\/v2\/media\/13637"}],"wp:attachment":[{"href":"https:\/\/sertv.gob.pa\/nacionalfm\/wp-json\/wp\/v2\/media?parent=13636"}],"wp:term":[{"taxonomy":"category","embeddable":true,"href":"https:\/\/sertv.gob.pa\/nacionalfm\/wp-json\/wp\/v2\/categories?post=13636"},{"taxonomy":"post_tag","embeddable":true,"href":"https:\/\/sertv.gob.pa\/nacionalfm\/wp-json\/wp\/v2\/tags?post=13636"}],"curies":[{"name":"wp","href":"https:\/\/api.w.org\/{rel}","templated":true}]}}