{"id":1364,"date":"2014-09-01T05:00:00","date_gmt":"2014-09-01T05:00:00","guid":{"rendered":""},"modified":"2014-09-01T05:00:00","modified_gmt":"2014-09-01T05:00:00","slug":"xv-caminata-susie-thayer-una-lucha-contra-el-cancer","status":"publish","type":"post","link":"https:\/\/sertv.gob.pa\/nacionalfm\/xv-caminata-susie-thayer-una-lucha-contra-el-cancer\/","title":{"rendered":"\u201cXV Caminata Susie Thayer\u201d, una lucha contra el c\u00e1ncer"},"content":{"rendered":"<p>\nAlrededor de 6 mil personas se concentraron ayer en la ma\u00f1ana en la cinta costera con el prop\u00f3sito de participar en la  XV Caminata   Familiar Susie Thayer , actividad organizada por FundaC\u00e1ncer y que se realiz\u00f3 paralelamente en otras 10 ciudades del territorio nacional. <\/p>\n<p>De acuerdo a sus promotores, este a\u00f1o se vendieron unas 28 mil camisetas concernientes al evento. <\/p>\n<p>Cabe recordar, que los fondos que se recaudaron \u00a0ser\u00e1n destinados a la dotaci\u00f3n de insumos para la secci\u00f3n de cirug\u00eda del Instituto Oncol\u00f3gico Nacional (ION).\u00a0 @nacionalFm <\/p>\n","protected":false},"excerpt":{"rendered":"<p>Alrededor de 6 mil personas se concentraron ayer en la <a href=\"https:\/\/sertv.gob.pa\/nacionalfm\/xv-caminata-susie-thayer-una-lucha-contra-el-cancer\/\"> [&#8230;]<\/a><\/p>\n","protected":false},"author":1,"featured_media":1365,"comment_status":"closed","ping_status":"closed","sticky":false,"template":"","format":"standard","meta":{"footnotes":""},"categories":[5],"tags":[],"class_list":["post-1364","post","type-post","status-publish","format-standard","has-post-thumbnail","hentry","category-salud"],"_links":{"self":[{"href":"https:\/\/sertv.gob.pa\/nacionalfm\/wp-json\/wp\/v2\/posts\/1364","targetHints":{"allow":["GET"]}}],"collection":[{"href":"https:\/\/sertv.gob.pa\/nacionalfm\/wp-json\/wp\/v2\/posts"}],"about":[{"href":"https:\/\/sertv.gob.pa\/nacionalfm\/wp-json\/wp\/v2\/types\/post"}],"author":[{"embeddable":true,"href":"https:\/\/sertv.gob.pa\/nacionalfm\/wp-json\/wp\/v2\/users\/1"}],"replies":[{"embeddable":true,"href":"https:\/\/sertv.gob.pa\/nacionalfm\/wp-json\/wp\/v2\/comments?post=1364"}],"version-history":[{"count":0,"href":"https:\/\/sertv.gob.pa\/nacionalfm\/wp-json\/wp\/v2\/posts\/1364\/revisions"}],"wp:featuredmedia":[{"embeddable":true,"href":"https:\/\/sertv.gob.pa\/nacionalfm\/wp-json\/wp\/v2\/media\/1365"}],"wp:attachment":[{"href":"https:\/\/sertv.gob.pa\/nacionalfm\/wp-json\/wp\/v2\/media?parent=1364"}],"wp:term":[{"taxonomy":"category","embeddable":true,"href":"https:\/\/sertv.gob.pa\/nacionalfm\/wp-json\/wp\/v2\/categories?post=1364"},{"taxonomy":"post_tag","embeddable":true,"href":"https:\/\/sertv.gob.pa\/nacionalfm\/wp-json\/wp\/v2\/tags?post=1364"}],"curies":[{"name":"wp","href":"https:\/\/api.w.org\/{rel}","templated":true}]}}