{"id":13644,"date":"2016-06-20T16:21:57","date_gmt":"2016-06-20T16:21:57","guid":{"rendered":""},"modified":"2016-06-20T16:21:57","modified_gmt":"2016-06-20T16:21:57","slug":"cocle-da-a-conocer-su-seleccion-para-guantes-de-oro","status":"publish","type":"post","link":"https:\/\/sertv.gob.pa\/nacionalfm\/cocle-da-a-conocer-su-seleccion-para-guantes-de-oro\/","title":{"rendered":"Cocl\u00e9 da a conocer su selecci\u00f3n para Guantes de Oro"},"content":{"rendered":"<p>\n La presidenta de la Liga Provincial de Boxeo de Cocl\u00e9 Isabel Ure\u00f1a dio a conocer en exclusiva para Nacional FM la selecci\u00f3n que representar\u00e1 esa provincia en los pr\u00f3ximos Guantes de Oro que se realizar\u00e1n por primera vez en la nueva provincia de Panam\u00e1 Oeste, en la escuela Pedro Pablo S\u00e1nchez, de la Chorrera.  <\/p>\n<p> En los 52 kilos Jos\u00e9 S\u00e1nchez, en los 56 kilos Octavio Jaramillo, en los 60 kilogr\u00e1mos Elias Vega, en los 64 V\u00edctor B\u00f3squez, Oriel Bethancourt en los 69 kilos, en los 75 kilos Roderick Bernal, y en los 81 kilos Mario Gonz\u00e1lez.   <\/p>\n<p> Los entrenadores F\u00e9lix Castillo, Rodrigo Millor y Jos\u00e9 Feliciano Lara, como delegada funge la presidenta de la Liga Isabel Ure\u00f1a . <\/p>\n","protected":false},"excerpt":{"rendered":"<p>La presidenta de la Liga Provincial de Boxeo de Cocl\u00e9 <a href=\"https:\/\/sertv.gob.pa\/nacionalfm\/cocle-da-a-conocer-su-seleccion-para-guantes-de-oro\/\"> [&#8230;]<\/a><\/p>\n","protected":false},"author":1,"featured_media":13645,"comment_status":"closed","ping_status":"closed","sticky":false,"template":"","format":"standard","meta":{"footnotes":""},"categories":[4],"tags":[],"class_list":["post-13644","post","type-post","status-publish","format-standard","has-post-thumbnail","hentry","category-deportes"],"_links":{"self":[{"href":"https:\/\/sertv.gob.pa\/nacionalfm\/wp-json\/wp\/v2\/posts\/13644","targetHints":{"allow":["GET"]}}],"collection":[{"href":"https:\/\/sertv.gob.pa\/nacionalfm\/wp-json\/wp\/v2\/posts"}],"about":[{"href":"https:\/\/sertv.gob.pa\/nacionalfm\/wp-json\/wp\/v2\/types\/post"}],"author":[{"embeddable":true,"href":"https:\/\/sertv.gob.pa\/nacionalfm\/wp-json\/wp\/v2\/users\/1"}],"replies":[{"embeddable":true,"href":"https:\/\/sertv.gob.pa\/nacionalfm\/wp-json\/wp\/v2\/comments?post=13644"}],"version-history":[{"count":0,"href":"https:\/\/sertv.gob.pa\/nacionalfm\/wp-json\/wp\/v2\/posts\/13644\/revisions"}],"wp:featuredmedia":[{"embeddable":true,"href":"https:\/\/sertv.gob.pa\/nacionalfm\/wp-json\/wp\/v2\/media\/13645"}],"wp:attachment":[{"href":"https:\/\/sertv.gob.pa\/nacionalfm\/wp-json\/wp\/v2\/media?parent=13644"}],"wp:term":[{"taxonomy":"category","embeddable":true,"href":"https:\/\/sertv.gob.pa\/nacionalfm\/wp-json\/wp\/v2\/categories?post=13644"},{"taxonomy":"post_tag","embeddable":true,"href":"https:\/\/sertv.gob.pa\/nacionalfm\/wp-json\/wp\/v2\/tags?post=13644"}],"curies":[{"name":"wp","href":"https:\/\/api.w.org\/{rel}","templated":true}]}}