{"id":13646,"date":"2016-06-20T17:07:36","date_gmt":"2016-06-20T17:07:36","guid":{"rendered":""},"modified":"2016-06-20T17:07:36","modified_gmt":"2016-06-20T17:07:36","slug":"primera-prueba-de-vacuna-del-zika-en-humanos-es-autorizada","status":"publish","type":"post","link":"https:\/\/sertv.gob.pa\/nacionalfm\/primera-prueba-de-vacuna-del-zika-en-humanos-es-autorizada\/","title":{"rendered":"Primera prueba de vacuna del zika, en humanos, es autorizada"},"content":{"rendered":"<p>\nLa Agencia de Alimentos y Medicamentos de Estados Unidos (FDA, por su sigla en ingl\u00e9s) autoriz\u00f3 hoy la primera prueba de una vacuna experimental del virus del Zika en humanos. <\/p>\n<p>Estamos orgullosos de haber obtenido la aprobaci\u00f3n para empezar el primer estudio de una vacuna del zika en humanos\u00bb, anunci\u00f3 hoy en un comunicado el presidente de la farmac\u00e9utica Inovio, responsable de la prueba junto a GeneOne Life Science. <\/p>\n<p>La vacuna, denominada \u00abGLS-5700\u00bb, ha demostrado inducir eficaces respuestas de anticuerpos y c\u00e9lulas T (responsables de coordinar la respuesta inmune celular) en modelos con animales, de manera que ahora pasar\u00e1 a una nueva fase en la que se probar\u00e1 su efecto en 40 personas voluntarias sanas. <\/p>\n<p>\u00a0 <\/p>\n","protected":false},"excerpt":{"rendered":"<p>La Agencia de Alimentos y Medicamentos de Estados Unidos (FDA, <a href=\"https:\/\/sertv.gob.pa\/nacionalfm\/primera-prueba-de-vacuna-del-zika-en-humanos-es-autorizada\/\"> [&#8230;]<\/a><\/p>\n","protected":false},"author":1,"featured_media":13647,"comment_status":"closed","ping_status":"closed","sticky":false,"template":"","format":"standard","meta":{"footnotes":""},"categories":[5],"tags":[],"class_list":["post-13646","post","type-post","status-publish","format-standard","has-post-thumbnail","hentry","category-salud"],"_links":{"self":[{"href":"https:\/\/sertv.gob.pa\/nacionalfm\/wp-json\/wp\/v2\/posts\/13646","targetHints":{"allow":["GET"]}}],"collection":[{"href":"https:\/\/sertv.gob.pa\/nacionalfm\/wp-json\/wp\/v2\/posts"}],"about":[{"href":"https:\/\/sertv.gob.pa\/nacionalfm\/wp-json\/wp\/v2\/types\/post"}],"author":[{"embeddable":true,"href":"https:\/\/sertv.gob.pa\/nacionalfm\/wp-json\/wp\/v2\/users\/1"}],"replies":[{"embeddable":true,"href":"https:\/\/sertv.gob.pa\/nacionalfm\/wp-json\/wp\/v2\/comments?post=13646"}],"version-history":[{"count":0,"href":"https:\/\/sertv.gob.pa\/nacionalfm\/wp-json\/wp\/v2\/posts\/13646\/revisions"}],"wp:featuredmedia":[{"embeddable":true,"href":"https:\/\/sertv.gob.pa\/nacionalfm\/wp-json\/wp\/v2\/media\/13647"}],"wp:attachment":[{"href":"https:\/\/sertv.gob.pa\/nacionalfm\/wp-json\/wp\/v2\/media?parent=13646"}],"wp:term":[{"taxonomy":"category","embeddable":true,"href":"https:\/\/sertv.gob.pa\/nacionalfm\/wp-json\/wp\/v2\/categories?post=13646"},{"taxonomy":"post_tag","embeddable":true,"href":"https:\/\/sertv.gob.pa\/nacionalfm\/wp-json\/wp\/v2\/tags?post=13646"}],"curies":[{"name":"wp","href":"https:\/\/api.w.org\/{rel}","templated":true}]}}