{"id":13666,"date":"2016-06-21T15:18:03","date_gmt":"2016-06-21T15:18:03","guid":{"rendered":""},"modified":"2016-06-21T15:18:03","modified_gmt":"2016-06-21T15:18:03","slug":"suman-a-27-los-decesos-por-influenza-a-h1n1","status":"publish","type":"post","link":"https:\/\/sertv.gob.pa\/nacionalfm\/suman-a-27-los-decesos-por-influenza-a-h1n1\/","title":{"rendered":"Suman a 27 los decesos por influenza A (H1N1)"},"content":{"rendered":"<p>\nLa Comisi\u00f3n de Salud para la Coordinaci\u00f3n y Comunicaci\u00f3n inform\u00f3 de 4 nuevas defunciones por el virus de influenza A (H1N1) en el pa\u00eds. Con esto, la cifra de muertos asciende a 27. <\/p>\n<p>Seg\u00fan la comisi\u00f3n, el n\u00famero total de casos de infecciones respiratorias agudas graves que han requerido hospitalizaci\u00f3n es de mil 177, de los cuales 822 pacientes ya fueron dados de alta. Los que se mantienen hospitalizados son 355. <\/p>\n<p>Los miembros de la comisi\u00f3n reiteraron que, durante la jornada de vacunaci\u00f3n desarrollada el fin de semana pasado,  se aplicaron 175 mil 355 dosis de la vacuna . <\/p>\n<p>As\u00ed las cosas, a partir de la fecha las instalaciones de la Caja de Seguro Social y los centros de salud del Ministerio de Salud (Minsa) brindar\u00e1n la vacunaci\u00f3n diariamente, en horario regular de funcionamiento. Y se seguir\u00e1 dando prioridad a la poblaci\u00f3n vulnerable: ni\u00f1os menores de cinco a\u00f1os, adultos mayores de 60 a\u00f1os, embarazadas y pacientes con enfermedades cr\u00f3nicas. <\/p>\n<p>La comisi\u00f3n dio a conocer que se est\u00e1 tramitando la compra adicional de un mill\u00f3n de dosis de vacunas, lo que permitir\u00e1 cubrir por fases al resto de la poblaci\u00f3n. <\/p>\n<p>\u00a0 <\/p>\n","protected":false},"excerpt":{"rendered":"<p>La Comisi\u00f3n de Salud para la Coordinaci\u00f3n y Comunicaci\u00f3n inform\u00f3 <a href=\"https:\/\/sertv.gob.pa\/nacionalfm\/suman-a-27-los-decesos-por-influenza-a-h1n1\/\"> [&#8230;]<\/a><\/p>\n","protected":false},"author":1,"featured_media":13667,"comment_status":"closed","ping_status":"closed","sticky":false,"template":"","format":"standard","meta":{"footnotes":""},"categories":[5],"tags":[],"class_list":["post-13666","post","type-post","status-publish","format-standard","has-post-thumbnail","hentry","category-salud"],"_links":{"self":[{"href":"https:\/\/sertv.gob.pa\/nacionalfm\/wp-json\/wp\/v2\/posts\/13666","targetHints":{"allow":["GET"]}}],"collection":[{"href":"https:\/\/sertv.gob.pa\/nacionalfm\/wp-json\/wp\/v2\/posts"}],"about":[{"href":"https:\/\/sertv.gob.pa\/nacionalfm\/wp-json\/wp\/v2\/types\/post"}],"author":[{"embeddable":true,"href":"https:\/\/sertv.gob.pa\/nacionalfm\/wp-json\/wp\/v2\/users\/1"}],"replies":[{"embeddable":true,"href":"https:\/\/sertv.gob.pa\/nacionalfm\/wp-json\/wp\/v2\/comments?post=13666"}],"version-history":[{"count":0,"href":"https:\/\/sertv.gob.pa\/nacionalfm\/wp-json\/wp\/v2\/posts\/13666\/revisions"}],"wp:featuredmedia":[{"embeddable":true,"href":"https:\/\/sertv.gob.pa\/nacionalfm\/wp-json\/wp\/v2\/media\/13667"}],"wp:attachment":[{"href":"https:\/\/sertv.gob.pa\/nacionalfm\/wp-json\/wp\/v2\/media?parent=13666"}],"wp:term":[{"taxonomy":"category","embeddable":true,"href":"https:\/\/sertv.gob.pa\/nacionalfm\/wp-json\/wp\/v2\/categories?post=13666"},{"taxonomy":"post_tag","embeddable":true,"href":"https:\/\/sertv.gob.pa\/nacionalfm\/wp-json\/wp\/v2\/tags?post=13666"}],"curies":[{"name":"wp","href":"https:\/\/api.w.org\/{rel}","templated":true}]}}