{"id":13678,"date":"2016-06-21T16:23:28","date_gmt":"2016-06-21T16:23:28","guid":{"rendered":""},"modified":"2016-06-21T16:23:28","modified_gmt":"2016-06-21T16:23:28","slug":"38-variantes-geneticas-asociadas-a-la-migrana-son-identificadas","status":"publish","type":"post","link":"https:\/\/sertv.gob.pa\/nacionalfm\/38-variantes-geneticas-asociadas-a-la-migrana-son-identificadas\/","title":{"rendered":"38 variantes gen\u00e9ticas asociadas a la migra\u00f1a son identificadas"},"content":{"rendered":"<p>\nUn consorcio internacional de cient\u00edficos ha identificado 38 variantes gen\u00e9ticas que pueden causar migra\u00f1a. <\/p>\n<p>Los resultados del estudio se publicaron en Nature Genetics. Para este, se compar\u00f3 el genoma de 375 mil individuos de Estados Unidos, Australia y Europa, 60 mil de ellos con migra\u00f1a. <\/p>\n<p>La migra\u00f1a es un trastorno que afecta a mil millones de personas en todo el mundo, en su mayor parte mujeres. <\/p>\n<p>Pese a su alta frecuencia, las causas de la migra\u00f1a son a\u00fan &lsquo;muy desconocidas&#8217;, manifest\u00f3 a Efe la bi\u00f3loga del Instituto de Investigaci\u00f3n del Hospital Vall d&#8217;Hebr\u00f3n de Barcelona, Ester Cuenca-Le\u00f3n, una de las investigadoras. <\/p>\n<p>&lsquo;El estudio es importante porque ayudar\u00e1 a completar el mapa gen\u00e9tico de las diferentes formas de migra\u00f1a, a definir los mecanismos gen\u00e9ticos que est\u00e1n detr\u00e1s de este trastorno, y a buscar tratamientos que combatan las causas, no s\u00f3lo los s\u00edntomas&#8217;, explic\u00f3 la investigadora. <\/p>\n<p>Gracias a la enorme muestra de este estudio, los investigadores han podido efectuar un metaan\u00e1lisis que ha permitido identificar 38 variantes gen\u00e9ticas asociadas a la migra\u00f1a, 28 de las cuales, no se hab\u00edan descrito antes, y otras doce fueron descubiertas en varios trabajos previos. <\/p>\n<p>El trabajo no \u00fanicamente ayudar\u00e1 a conocer mejor el origen de la migra\u00f1a, sino que ser\u00e1 \u00fatil para obtener tratamientos m\u00e1s personalizados y adecuados al paciente. <\/p>\n<p>\u00a0 <\/p>\n","protected":false},"excerpt":{"rendered":"<p>Un consorcio internacional de cient\u00edficos ha identificado 38 variantes gen\u00e9ticas <a href=\"https:\/\/sertv.gob.pa\/nacionalfm\/38-variantes-geneticas-asociadas-a-la-migrana-son-identificadas\/\"> [&#8230;]<\/a><\/p>\n","protected":false},"author":1,"featured_media":13679,"comment_status":"closed","ping_status":"closed","sticky":false,"template":"","format":"standard","meta":{"footnotes":""},"categories":[5],"tags":[],"class_list":["post-13678","post","type-post","status-publish","format-standard","has-post-thumbnail","hentry","category-salud"],"_links":{"self":[{"href":"https:\/\/sertv.gob.pa\/nacionalfm\/wp-json\/wp\/v2\/posts\/13678","targetHints":{"allow":["GET"]}}],"collection":[{"href":"https:\/\/sertv.gob.pa\/nacionalfm\/wp-json\/wp\/v2\/posts"}],"about":[{"href":"https:\/\/sertv.gob.pa\/nacionalfm\/wp-json\/wp\/v2\/types\/post"}],"author":[{"embeddable":true,"href":"https:\/\/sertv.gob.pa\/nacionalfm\/wp-json\/wp\/v2\/users\/1"}],"replies":[{"embeddable":true,"href":"https:\/\/sertv.gob.pa\/nacionalfm\/wp-json\/wp\/v2\/comments?post=13678"}],"version-history":[{"count":0,"href":"https:\/\/sertv.gob.pa\/nacionalfm\/wp-json\/wp\/v2\/posts\/13678\/revisions"}],"wp:featuredmedia":[{"embeddable":true,"href":"https:\/\/sertv.gob.pa\/nacionalfm\/wp-json\/wp\/v2\/media\/13679"}],"wp:attachment":[{"href":"https:\/\/sertv.gob.pa\/nacionalfm\/wp-json\/wp\/v2\/media?parent=13678"}],"wp:term":[{"taxonomy":"category","embeddable":true,"href":"https:\/\/sertv.gob.pa\/nacionalfm\/wp-json\/wp\/v2\/categories?post=13678"},{"taxonomy":"post_tag","embeddable":true,"href":"https:\/\/sertv.gob.pa\/nacionalfm\/wp-json\/wp\/v2\/tags?post=13678"}],"curies":[{"name":"wp","href":"https:\/\/api.w.org\/{rel}","templated":true}]}}