{"id":13690,"date":"2016-06-21T21:17:19","date_gmt":"2016-06-21T21:17:19","guid":{"rendered":""},"modified":"2016-06-21T21:17:19","modified_gmt":"2016-06-21T21:17:19","slug":"payano-pierde-titulo-que-le-arrebato-a-chemito-moreno","status":"publish","type":"post","link":"https:\/\/sertv.gob.pa\/nacionalfm\/payano-pierde-titulo-que-le-arrebato-a-chemito-moreno\/","title":{"rendered":"Payano pierde t\u00edtulo que le arrebat\u00f3 a \u201cChemito\u201d Moreno"},"content":{"rendered":"<p>\nEl dominicano Juan Carlos Payano perdi\u00f3 el t\u00edtulo gallo de la Asociaci\u00f3n Mundial de Boxeo por decisi\u00f3n mayoritaria ante el norteamericano Rau\u00b4Shee Warren, en UIC Pavillion de Chicago, Estados Estado Unidos. <\/p>\n<p>Warren pudo sobreponerse a un dif\u00edcil momento en el round once para quedarse con la pelea de revancha. El estadounidense tuvo a favor dos tarjetas: 115-113, 115-113, y la tercera fue un empate 114-114, lo que le otorg\u00f3 el t\u00edtulo mundial. <\/p>\n<p>Ambos peleadores se hab\u00eda enfrentado en Florida, en agosto de 2015, y el caribe\u00f1o propin\u00f3 el primer tropiezo profesional para Warren, quien logr\u00f3 la segunda oportunidad y no la desperdici\u00f3. <\/p>\n<p>Ahora Warren queda con r\u00e9cord de 13-1, y Payano conoce la derrota en su segunda defensa de la corona. Suma 17-1. <\/p>\n<p>Payano hab\u00eda arrebatado el t\u00edtulo al paname\u00f1o Anselmo &ldquo;Chemito&rdquo; Moreno por decisi\u00f3n t\u00e9cnica. <\/p>\n","protected":false},"excerpt":{"rendered":"<p>El dominicano Juan Carlos Payano perdi\u00f3 el t\u00edtulo gallo de <a href=\"https:\/\/sertv.gob.pa\/nacionalfm\/payano-pierde-titulo-que-le-arrebato-a-chemito-moreno\/\"> [&#8230;]<\/a><\/p>\n","protected":false},"author":1,"featured_media":13691,"comment_status":"closed","ping_status":"closed","sticky":false,"template":"","format":"standard","meta":{"footnotes":""},"categories":[4],"tags":[],"class_list":["post-13690","post","type-post","status-publish","format-standard","has-post-thumbnail","hentry","category-deportes"],"_links":{"self":[{"href":"https:\/\/sertv.gob.pa\/nacionalfm\/wp-json\/wp\/v2\/posts\/13690","targetHints":{"allow":["GET"]}}],"collection":[{"href":"https:\/\/sertv.gob.pa\/nacionalfm\/wp-json\/wp\/v2\/posts"}],"about":[{"href":"https:\/\/sertv.gob.pa\/nacionalfm\/wp-json\/wp\/v2\/types\/post"}],"author":[{"embeddable":true,"href":"https:\/\/sertv.gob.pa\/nacionalfm\/wp-json\/wp\/v2\/users\/1"}],"replies":[{"embeddable":true,"href":"https:\/\/sertv.gob.pa\/nacionalfm\/wp-json\/wp\/v2\/comments?post=13690"}],"version-history":[{"count":0,"href":"https:\/\/sertv.gob.pa\/nacionalfm\/wp-json\/wp\/v2\/posts\/13690\/revisions"}],"wp:featuredmedia":[{"embeddable":true,"href":"https:\/\/sertv.gob.pa\/nacionalfm\/wp-json\/wp\/v2\/media\/13691"}],"wp:attachment":[{"href":"https:\/\/sertv.gob.pa\/nacionalfm\/wp-json\/wp\/v2\/media?parent=13690"}],"wp:term":[{"taxonomy":"category","embeddable":true,"href":"https:\/\/sertv.gob.pa\/nacionalfm\/wp-json\/wp\/v2\/categories?post=13690"},{"taxonomy":"post_tag","embeddable":true,"href":"https:\/\/sertv.gob.pa\/nacionalfm\/wp-json\/wp\/v2\/tags?post=13690"}],"curies":[{"name":"wp","href":"https:\/\/api.w.org\/{rel}","templated":true}]}}