{"id":13692,"date":"2016-06-21T21:24:00","date_gmt":"2016-06-21T21:24:00","guid":{"rendered":""},"modified":"2016-06-21T21:24:00","modified_gmt":"2016-06-21T21:24:00","slug":"inicia-campeonato-panamericano-de-esgrima","status":"publish","type":"post","link":"https:\/\/sertv.gob.pa\/nacionalfm\/inicia-campeonato-panamericano-de-esgrima\/","title":{"rendered":"Inicia Campeonato Panamericano de Esgrima"},"content":{"rendered":"<p>\n Con las competencias de espada femenino y florete masculino, inici\u00f3 el Campeonato Panamericano de Esgrima, que bajo la organizaci\u00f3n de la Federaci\u00f3n Paname\u00f1a de Esgrima, el aval de la Federaci\u00f3n Internacional de Esgrima, que cuenta con la participaci\u00f3n de 32 pa\u00edses y m\u00e1s de 400 espadachines, incluyendo campeones mundiales y ol\u00edmpicos que afinan armas con miras a los Olimpiadas de R\u00edo 2016.   <\/p>\n<p> Jos\u00e9 Mor\u00e1n, presidente de la Federaci\u00f3n Paname\u00f1a de Esgrima, indic\u00f3 que Panam\u00e1 desde este 21 al 26 de junio se convierte en la capital de la esgrima de Am\u00e9rica, con un certamen de alto nivel, que ha conllevado un gran esfuerzo organizativo, resaltando el respaldo del Instituto Paname\u00f1o de Deportes (Pandeportes) para el \u00e9xito de este torneo, que se desarrolla en el Centro de Convenciones Balboa del Hotel El Panam\u00e1.   <\/p>\n<p> El venezolano Rub\u00e9n Limbardo, campe\u00f3n mundial y ol\u00edmpico, ponder\u00f3 el trabajo realizado en la organizaci\u00f3n de este evento por parte de las autoridades paname\u00f1as, tomando en cuenta la gran cantidad de esgrimistas que se entusiasmaron para asistir a este certamen, por las facilidades y condiciones que brinda Panam\u00e1.\u00a0  <\/p>\n","protected":false},"excerpt":{"rendered":"<p>Con las competencias de espada femenino y florete masculino, inici\u00f3 <a href=\"https:\/\/sertv.gob.pa\/nacionalfm\/inicia-campeonato-panamericano-de-esgrima\/\"> [&#8230;]<\/a><\/p>\n","protected":false},"author":1,"featured_media":13693,"comment_status":"closed","ping_status":"closed","sticky":false,"template":"","format":"standard","meta":{"footnotes":""},"categories":[4],"tags":[],"class_list":["post-13692","post","type-post","status-publish","format-standard","has-post-thumbnail","hentry","category-deportes"],"_links":{"self":[{"href":"https:\/\/sertv.gob.pa\/nacionalfm\/wp-json\/wp\/v2\/posts\/13692","targetHints":{"allow":["GET"]}}],"collection":[{"href":"https:\/\/sertv.gob.pa\/nacionalfm\/wp-json\/wp\/v2\/posts"}],"about":[{"href":"https:\/\/sertv.gob.pa\/nacionalfm\/wp-json\/wp\/v2\/types\/post"}],"author":[{"embeddable":true,"href":"https:\/\/sertv.gob.pa\/nacionalfm\/wp-json\/wp\/v2\/users\/1"}],"replies":[{"embeddable":true,"href":"https:\/\/sertv.gob.pa\/nacionalfm\/wp-json\/wp\/v2\/comments?post=13692"}],"version-history":[{"count":0,"href":"https:\/\/sertv.gob.pa\/nacionalfm\/wp-json\/wp\/v2\/posts\/13692\/revisions"}],"wp:featuredmedia":[{"embeddable":true,"href":"https:\/\/sertv.gob.pa\/nacionalfm\/wp-json\/wp\/v2\/media\/13693"}],"wp:attachment":[{"href":"https:\/\/sertv.gob.pa\/nacionalfm\/wp-json\/wp\/v2\/media?parent=13692"}],"wp:term":[{"taxonomy":"category","embeddable":true,"href":"https:\/\/sertv.gob.pa\/nacionalfm\/wp-json\/wp\/v2\/categories?post=13692"},{"taxonomy":"post_tag","embeddable":true,"href":"https:\/\/sertv.gob.pa\/nacionalfm\/wp-json\/wp\/v2\/tags?post=13692"}],"curies":[{"name":"wp","href":"https:\/\/api.w.org\/{rel}","templated":true}]}}