{"id":13710,"date":"2016-06-22T16:20:55","date_gmt":"2016-06-22T16:20:55","guid":{"rendered":""},"modified":"2016-06-22T16:20:55","modified_gmt":"2016-06-22T16:20:55","slug":"nada-en-concreto-en-proxima-defensa-del-invisible-corrales","status":"publish","type":"post","link":"https:\/\/sertv.gob.pa\/nacionalfm\/nada-en-concreto-en-proxima-defensa-del-invisible-corrales\/","title":{"rendered":"Nada en concreto en pr\u00f3xima defensa \u201cDel Invisible\u201d Corrales"},"content":{"rendered":"<p>\nEn conversaci\u00f3n con Nacional FM, Lesbia de Moss, apoderada del supercampe\u00f3n de los superplumas de la Asociaci\u00f3n Mundial de Boxeo Jezrrel &ldquo;El Invisible&rdquo; Corrales, manifest\u00f3 que no hay nada en concreto para la pr\u00f3xima defensa de su pupilo. <\/p>\n<p>Se especulan encuentros en Jap\u00f3n ante una terna de boxeadores nipones y \u00faltimamente suena el campe\u00f3n en propiedad de la AMB, el dominicano Javier &ldquo;El Abej\u00f3n&rdquo; Fortuna. <\/p>\n<p>Y \u00faltimamente se habla del japon\u00e9s Masao Nakamura clasificado s\u00e9ptimo en la Feeeraci\u00f3n Internacional de Boxeo con un r\u00e9cord de 22 victorias, 3 derrotas, con 21 K.O., pero solo especulaciones y negociaciones, pero nada en concreto. <\/p>\n<p>La se\u00f1ora de Moss coincide con su pupilo, que no importa cu\u00e1l sea el rival merecen una bolsa sustancial y la mejor propuesta la aceptan, pero aclara la se\u00f1ora de Moss que la \u00faltima palabra tiene su promotor Rogelio Espinho. <\/p>\n","protected":false},"excerpt":{"rendered":"<p>En conversaci\u00f3n con Nacional FM, Lesbia de Moss, apoderada del <a href=\"https:\/\/sertv.gob.pa\/nacionalfm\/nada-en-concreto-en-proxima-defensa-del-invisible-corrales\/\"> [&#8230;]<\/a><\/p>\n","protected":false},"author":1,"featured_media":13711,"comment_status":"closed","ping_status":"closed","sticky":false,"template":"","format":"standard","meta":{"footnotes":""},"categories":[4],"tags":[],"class_list":["post-13710","post","type-post","status-publish","format-standard","has-post-thumbnail","hentry","category-deportes"],"_links":{"self":[{"href":"https:\/\/sertv.gob.pa\/nacionalfm\/wp-json\/wp\/v2\/posts\/13710","targetHints":{"allow":["GET"]}}],"collection":[{"href":"https:\/\/sertv.gob.pa\/nacionalfm\/wp-json\/wp\/v2\/posts"}],"about":[{"href":"https:\/\/sertv.gob.pa\/nacionalfm\/wp-json\/wp\/v2\/types\/post"}],"author":[{"embeddable":true,"href":"https:\/\/sertv.gob.pa\/nacionalfm\/wp-json\/wp\/v2\/users\/1"}],"replies":[{"embeddable":true,"href":"https:\/\/sertv.gob.pa\/nacionalfm\/wp-json\/wp\/v2\/comments?post=13710"}],"version-history":[{"count":0,"href":"https:\/\/sertv.gob.pa\/nacionalfm\/wp-json\/wp\/v2\/posts\/13710\/revisions"}],"wp:featuredmedia":[{"embeddable":true,"href":"https:\/\/sertv.gob.pa\/nacionalfm\/wp-json\/wp\/v2\/media\/13711"}],"wp:attachment":[{"href":"https:\/\/sertv.gob.pa\/nacionalfm\/wp-json\/wp\/v2\/media?parent=13710"}],"wp:term":[{"taxonomy":"category","embeddable":true,"href":"https:\/\/sertv.gob.pa\/nacionalfm\/wp-json\/wp\/v2\/categories?post=13710"},{"taxonomy":"post_tag","embeddable":true,"href":"https:\/\/sertv.gob.pa\/nacionalfm\/wp-json\/wp\/v2\/tags?post=13710"}],"curies":[{"name":"wp","href":"https:\/\/api.w.org\/{rel}","templated":true}]}}