{"id":13718,"date":"2016-06-22T16:48:16","date_gmt":"2016-06-22T16:48:16","guid":{"rendered":""},"modified":"2016-06-22T16:48:16","modified_gmt":"2016-06-22T16:48:16","slug":"atheyna-bylon-rumbo-a-juegos-olimpicos","status":"publish","type":"post","link":"https:\/\/sertv.gob.pa\/nacionalfm\/atheyna-bylon-rumbo-a-juegos-olimpicos\/","title":{"rendered":"Atheyna Bylon rumbo a Juegos Ol\u00edmpicos"},"content":{"rendered":"<p>\nAtheyna Bylon estar\u00e1 presente en los pr\u00f3ximos Juegos Ol\u00edmpicos de Brasil 2016, mediante invitaci\u00f3n del Comit\u00e9 Ol\u00edmpico Internacional, para unirse a Royd Hudler, Alfonso &ldquo;Pepermint&rdquo; Frazer, Luis &ldquo;El Gavil\u00e1n&rdquo; \u00c1vila y Juan Huertas, en participar en unos Juegos Ol\u00edmpicos y la primera mujer paname\u00f1a en participar en el boxeo ol\u00edmpico. <\/p>\n<p>Bylon se suma \u00a0a \u00a0Alonso Edward, Ivette Lewis y Jorge Castelblanco, en atletismo; Carolena Carstens, en taekwondo; Isabella Amado, en gimnasia, \u00a0David Mu\u00f1oz, en tiro y \u00a0Edgar Crespo, en nataci\u00f3n, como los ochos representantes de Panam\u00e1 en la m\u00e1xima justa del deporte mundial. <\/p>\n<p> Los Juegos Ol\u00edmpicos 2016, \u00a0se realizar\u00e1n en Brasil del 5 al 21 de agosto y la delegaci\u00f3n paname\u00f1a espera retornar con al menos una medalla.  <\/p>\n<p>\u00a0 <\/p>\n","protected":false},"excerpt":{"rendered":"<p>Atheyna Bylon estar\u00e1 presente en los pr\u00f3ximos Juegos Ol\u00edmpicos de <a href=\"https:\/\/sertv.gob.pa\/nacionalfm\/atheyna-bylon-rumbo-a-juegos-olimpicos\/\"> [&#8230;]<\/a><\/p>\n","protected":false},"author":1,"featured_media":13719,"comment_status":"closed","ping_status":"closed","sticky":false,"template":"","format":"standard","meta":{"footnotes":""},"categories":[4],"tags":[],"class_list":["post-13718","post","type-post","status-publish","format-standard","has-post-thumbnail","hentry","category-deportes"],"_links":{"self":[{"href":"https:\/\/sertv.gob.pa\/nacionalfm\/wp-json\/wp\/v2\/posts\/13718","targetHints":{"allow":["GET"]}}],"collection":[{"href":"https:\/\/sertv.gob.pa\/nacionalfm\/wp-json\/wp\/v2\/posts"}],"about":[{"href":"https:\/\/sertv.gob.pa\/nacionalfm\/wp-json\/wp\/v2\/types\/post"}],"author":[{"embeddable":true,"href":"https:\/\/sertv.gob.pa\/nacionalfm\/wp-json\/wp\/v2\/users\/1"}],"replies":[{"embeddable":true,"href":"https:\/\/sertv.gob.pa\/nacionalfm\/wp-json\/wp\/v2\/comments?post=13718"}],"version-history":[{"count":0,"href":"https:\/\/sertv.gob.pa\/nacionalfm\/wp-json\/wp\/v2\/posts\/13718\/revisions"}],"wp:featuredmedia":[{"embeddable":true,"href":"https:\/\/sertv.gob.pa\/nacionalfm\/wp-json\/wp\/v2\/media\/13719"}],"wp:attachment":[{"href":"https:\/\/sertv.gob.pa\/nacionalfm\/wp-json\/wp\/v2\/media?parent=13718"}],"wp:term":[{"taxonomy":"category","embeddable":true,"href":"https:\/\/sertv.gob.pa\/nacionalfm\/wp-json\/wp\/v2\/categories?post=13718"},{"taxonomy":"post_tag","embeddable":true,"href":"https:\/\/sertv.gob.pa\/nacionalfm\/wp-json\/wp\/v2\/tags?post=13718"}],"curies":[{"name":"wp","href":"https:\/\/api.w.org\/{rel}","templated":true}]}}