{"id":1372,"date":"2014-09-01T05:00:00","date_gmt":"2014-09-01T05:00:00","guid":{"rendered":""},"modified":"2014-09-01T05:00:00","modified_gmt":"2014-09-01T05:00:00","slug":"continua-afectando-el-hantavirus","status":"publish","type":"post","link":"https:\/\/sertv.gob.pa\/nacionalfm\/continua-afectando-el-hantavirus\/","title":{"rendered":"Contin\u00faa afectando el \u201cHantavirus\u201d"},"content":{"rendered":"<p>\n Actualmente, los \u00faltimos dos pacientes quienes ingresaron la semana pasada al Hospital Joaqu\u00edn Pablo Franco Sayas, ubicado en Las Tablas, provincia de Los Santos, se encuentran en cuidado intensivo, pero estables.  <\/p>\n<p>Estos nuevos casos son un paciente de 27 a\u00f1os, oriundo de San Jos\u00e9 de Las Tablas, y otro de 70 a\u00f1os, de Tonos\u00ed.  Ambos con el s\u00edndrome cardiopulmonar con hantavirus.  <\/p>\n<p>Para hablar del tema,  Nahir Cede\u00f1o, directora del MINSA en Los   Santos,  expres\u00f3 que los pacientes est\u00e1n en intensivo, pero estables. <\/p>\n<p>De la misma manera explic\u00f3, que siguen con los operativos y que se est\u00e1n distribuyendo unos 500 silos para que los agricultores puedan almacenar los granos en los sectores afectados. <\/p>\n<p> Igualmente, Cede\u00f1o especific\u00f3, que los casos de hantavirus aumentaron a 47 en lo que va del 2014, de estos, 25 son por el s\u00edndrome cardiopulmonar y el restante por fiebre por hantavirus.  <\/p>\n<p> Es importante, mencionar, que los roedores silvestres, implicados como reservorios de la enfermedad, muestran infecci\u00f3n cr\u00f3nica y fundamentalmente asintom\u00e1tica. Estos animales orinan sobre los granos y de ah\u00ed se propaga el mal.\u00a0 @nacionalFm  <\/p>\n<p>\u00a0 <\/p>\n","protected":false},"excerpt":{"rendered":"<p>Actualmente, los \u00faltimos dos pacientes quienes ingresaron la semana pasada <a href=\"https:\/\/sertv.gob.pa\/nacionalfm\/continua-afectando-el-hantavirus\/\"> [&#8230;]<\/a><\/p>\n","protected":false},"author":1,"featured_media":1373,"comment_status":"closed","ping_status":"closed","sticky":false,"template":"","format":"standard","meta":{"footnotes":""},"categories":[5],"tags":[],"class_list":["post-1372","post","type-post","status-publish","format-standard","has-post-thumbnail","hentry","category-salud"],"_links":{"self":[{"href":"https:\/\/sertv.gob.pa\/nacionalfm\/wp-json\/wp\/v2\/posts\/1372","targetHints":{"allow":["GET"]}}],"collection":[{"href":"https:\/\/sertv.gob.pa\/nacionalfm\/wp-json\/wp\/v2\/posts"}],"about":[{"href":"https:\/\/sertv.gob.pa\/nacionalfm\/wp-json\/wp\/v2\/types\/post"}],"author":[{"embeddable":true,"href":"https:\/\/sertv.gob.pa\/nacionalfm\/wp-json\/wp\/v2\/users\/1"}],"replies":[{"embeddable":true,"href":"https:\/\/sertv.gob.pa\/nacionalfm\/wp-json\/wp\/v2\/comments?post=1372"}],"version-history":[{"count":0,"href":"https:\/\/sertv.gob.pa\/nacionalfm\/wp-json\/wp\/v2\/posts\/1372\/revisions"}],"wp:featuredmedia":[{"embeddable":true,"href":"https:\/\/sertv.gob.pa\/nacionalfm\/wp-json\/wp\/v2\/media\/1373"}],"wp:attachment":[{"href":"https:\/\/sertv.gob.pa\/nacionalfm\/wp-json\/wp\/v2\/media?parent=1372"}],"wp:term":[{"taxonomy":"category","embeddable":true,"href":"https:\/\/sertv.gob.pa\/nacionalfm\/wp-json\/wp\/v2\/categories?post=1372"},{"taxonomy":"post_tag","embeddable":true,"href":"https:\/\/sertv.gob.pa\/nacionalfm\/wp-json\/wp\/v2\/tags?post=1372"}],"curies":[{"name":"wp","href":"https:\/\/api.w.org\/{rel}","templated":true}]}}