{"id":13720,"date":"2016-06-22T17:06:58","date_gmt":"2016-06-22T17:06:58","guid":{"rendered":""},"modified":"2016-06-22T17:06:58","modified_gmt":"2016-06-22T17:06:58","slug":"comite-olimpico-de-panama-celebra-dia-del-olimpismo","status":"publish","type":"post","link":"https:\/\/sertv.gob.pa\/nacionalfm\/comite-olimpico-de-panama-celebra-dia-del-olimpismo\/","title":{"rendered":"Comit\u00e9 Ol\u00edmpico de Panam\u00e1 celebra D\u00eda del Olimpismo"},"content":{"rendered":"<p>\nCon una serie de eventos el Comit\u00e9 Ol\u00edmpico de Panam\u00e1 celebrar\u00e1 el D\u00eda del Olimpismo, el pr\u00f3ximo jueves 23 de junio desde las 8 de la ma\u00f1ana en la sede del COP en Llanos de Curundu, donde se izar\u00e1 la bandera de los anillos, y se entonar\u00e1 el himno ol\u00edmpico. <\/p>\n<p>Estar\u00e1n\u00a0 presentes\u00a0 miembros de las federaciones, \u00a0el Alcalde de la Ciudad de Panam\u00e1, Jos\u00e9 Isabel Bland\u00f3n y altos ejecutivos de PANDEPORTES. Tambi\u00e9n atletas y \u00a0\u00a0patrocinadores del COP. <\/p>\n<p>El D\u00eda Ol\u00edmpico se introdujo en 1948 para conmemorar el nacimiento de los modernos\u00a0 Juegos Ol\u00edmpicos \u00a0el 23 de junio de 1894 en la Sorbona de Par\u00eds. El objetivo era promover la pr\u00e1ctica del deporte en todo el mundo independientemente de la edad, g\u00e9nero o habilidad atl\u00e9tica. <\/p>\n<p>Este a\u00f1o \u00a0la fecha coincide con \u00a0el VI\u00a0 Foro de Deportes de \u00a0APEDE, que se celebrar\u00e1 en horas de la tarde en el Hotel Marriott.\u00a0 El Ing.\u00a0 Camilo Amado\u00a0\u00a0 dictar\u00e1 una charla sobre la Candidatura de Panam\u00e1 en los Juegos Regionales. <\/p>\n<p>Amado se\u00f1ala que\u00a0\u00a0 este a\u00f1o\u00a0\u00a0\u00a0 se celebran\u00a0 otros eventos en que el COP es protagonista como la\u00a0 Reuni\u00f3n Extraordinaria del Comit\u00e9 Ejecutivo de ODECABE \u00a0que se celebrar\u00e1 en Panam\u00e1 el martes 28\u00a0 de junio. <\/p>\n<p>&ldquo;Recibiremos \u00a0en el COP visitantes de\u00a0\u00a0 FIBA\u00a0\u00a0 y tendremos una carrera con\u00a0 el Municipio de Panam\u00e1 el 3 de julio y el 12 de julio una gran Gala\u00a0\u00a0 en honor a la visita de la delegaci\u00f3n de ODECABE\u00a0 que viene a inspeccionar\u00a0\u00a0\u00a0 a Panam\u00e1 como\u00a0\u00a0 sede de los Juegos Centroamericanos\u00a0 y del Caribe del 2022.\u00bb <\/p>\n<p>\u00a0 <\/p>\n","protected":false},"excerpt":{"rendered":"<p>Con una serie de eventos el Comit\u00e9 Ol\u00edmpico de Panam\u00e1 <a href=\"https:\/\/sertv.gob.pa\/nacionalfm\/comite-olimpico-de-panama-celebra-dia-del-olimpismo\/\"> [&#8230;]<\/a><\/p>\n","protected":false},"author":1,"featured_media":13721,"comment_status":"closed","ping_status":"closed","sticky":false,"template":"","format":"standard","meta":{"footnotes":""},"categories":[4],"tags":[],"class_list":["post-13720","post","type-post","status-publish","format-standard","has-post-thumbnail","hentry","category-deportes"],"_links":{"self":[{"href":"https:\/\/sertv.gob.pa\/nacionalfm\/wp-json\/wp\/v2\/posts\/13720","targetHints":{"allow":["GET"]}}],"collection":[{"href":"https:\/\/sertv.gob.pa\/nacionalfm\/wp-json\/wp\/v2\/posts"}],"about":[{"href":"https:\/\/sertv.gob.pa\/nacionalfm\/wp-json\/wp\/v2\/types\/post"}],"author":[{"embeddable":true,"href":"https:\/\/sertv.gob.pa\/nacionalfm\/wp-json\/wp\/v2\/users\/1"}],"replies":[{"embeddable":true,"href":"https:\/\/sertv.gob.pa\/nacionalfm\/wp-json\/wp\/v2\/comments?post=13720"}],"version-history":[{"count":0,"href":"https:\/\/sertv.gob.pa\/nacionalfm\/wp-json\/wp\/v2\/posts\/13720\/revisions"}],"wp:featuredmedia":[{"embeddable":true,"href":"https:\/\/sertv.gob.pa\/nacionalfm\/wp-json\/wp\/v2\/media\/13721"}],"wp:attachment":[{"href":"https:\/\/sertv.gob.pa\/nacionalfm\/wp-json\/wp\/v2\/media?parent=13720"}],"wp:term":[{"taxonomy":"category","embeddable":true,"href":"https:\/\/sertv.gob.pa\/nacionalfm\/wp-json\/wp\/v2\/categories?post=13720"},{"taxonomy":"post_tag","embeddable":true,"href":"https:\/\/sertv.gob.pa\/nacionalfm\/wp-json\/wp\/v2\/tags?post=13720"}],"curies":[{"name":"wp","href":"https:\/\/api.w.org\/{rel}","templated":true}]}}