{"id":13722,"date":"2016-06-22T17:20:19","date_gmt":"2016-06-22T17:20:19","guid":{"rendered":""},"modified":"2016-06-22T17:20:19","modified_gmt":"2016-06-22T17:20:19","slug":"panama-se-mide-hoy-a-nicaragua-en-centrobasket","status":"publish","type":"post","link":"https:\/\/sertv.gob.pa\/nacionalfm\/panama-se-mide-hoy-a-nicaragua-en-centrobasket\/","title":{"rendered":"Panam\u00e1 se mide hoy a Nicaragua en CENTROBASKET"},"content":{"rendered":"<p>\nPanam\u00e1 saldr\u00e1 hoy al tabloncillo de la Arena Roberto Dur\u00e1n a defender su invicto en dos partidos del CENTROBASKET, cuando se mida a Nicaragua a las 8 de la noche. <\/p>\n<p>A las 12: 45 se enfrentan Islas V\u00edrgenes y Costa Rica del Grupo B, a las 3 de la tarde se miden en gran partido M\u00e9xico y Rep\u00fablica Dominicana del Grupo B y a las 5:45 de la tarde otro vibrante partido entre Puerto Rico y Cuba. <\/p>\n<p>La tabla de posiciones en el Grupo A es el siguiente; Panam\u00e1 2-0, Cuba 2-0, Nicaragua 1-2, Puerto Rico 1-1 y Antigua y Barbudas 0-3. <\/p>\n<p>En el Grupo B, M\u00e9xico 2-0, Rep\u00fablica Dominicana 2-0, Bahamas 1-2, Islas V\u00edrgenes 1-1 y Costa Rica 0-3. <\/p>\n<p>\u00a0 <\/p>\n","protected":false},"excerpt":{"rendered":"<p>Panam\u00e1 saldr\u00e1 hoy al tabloncillo de la Arena Roberto Dur\u00e1n <a href=\"https:\/\/sertv.gob.pa\/nacionalfm\/panama-se-mide-hoy-a-nicaragua-en-centrobasket\/\"> [&#8230;]<\/a><\/p>\n","protected":false},"author":1,"featured_media":13723,"comment_status":"closed","ping_status":"closed","sticky":false,"template":"","format":"standard","meta":{"footnotes":""},"categories":[4],"tags":[],"class_list":["post-13722","post","type-post","status-publish","format-standard","has-post-thumbnail","hentry","category-deportes"],"_links":{"self":[{"href":"https:\/\/sertv.gob.pa\/nacionalfm\/wp-json\/wp\/v2\/posts\/13722","targetHints":{"allow":["GET"]}}],"collection":[{"href":"https:\/\/sertv.gob.pa\/nacionalfm\/wp-json\/wp\/v2\/posts"}],"about":[{"href":"https:\/\/sertv.gob.pa\/nacionalfm\/wp-json\/wp\/v2\/types\/post"}],"author":[{"embeddable":true,"href":"https:\/\/sertv.gob.pa\/nacionalfm\/wp-json\/wp\/v2\/users\/1"}],"replies":[{"embeddable":true,"href":"https:\/\/sertv.gob.pa\/nacionalfm\/wp-json\/wp\/v2\/comments?post=13722"}],"version-history":[{"count":0,"href":"https:\/\/sertv.gob.pa\/nacionalfm\/wp-json\/wp\/v2\/posts\/13722\/revisions"}],"wp:featuredmedia":[{"embeddable":true,"href":"https:\/\/sertv.gob.pa\/nacionalfm\/wp-json\/wp\/v2\/media\/13723"}],"wp:attachment":[{"href":"https:\/\/sertv.gob.pa\/nacionalfm\/wp-json\/wp\/v2\/media?parent=13722"}],"wp:term":[{"taxonomy":"category","embeddable":true,"href":"https:\/\/sertv.gob.pa\/nacionalfm\/wp-json\/wp\/v2\/categories?post=13722"},{"taxonomy":"post_tag","embeddable":true,"href":"https:\/\/sertv.gob.pa\/nacionalfm\/wp-json\/wp\/v2\/tags?post=13722"}],"curies":[{"name":"wp","href":"https:\/\/api.w.org\/{rel}","templated":true}]}}