{"id":13726,"date":"2016-06-22T18:27:41","date_gmt":"2016-06-22T18:27:41","guid":{"rendered":""},"modified":"2016-06-22T18:27:41","modified_gmt":"2016-06-22T18:27:41","slug":"29-decesos-por-el-virus-a-h1n1-segun-ultimo-informe-del-minsa","status":"publish","type":"post","link":"https:\/\/sertv.gob.pa\/nacionalfm\/29-decesos-por-el-virus-a-h1n1-segun-ultimo-informe-del-minsa\/","title":{"rendered":"29 decesos por el virus A (H1N1), seg\u00fan \u00faltimo informe del Minsa"},"content":{"rendered":"<p>\nLa\u00a0 doctora Itza Barahona de Mosca, directora general de Salud, confirm\u00f3 dos nuevos fallecimientos por el virus de influenza\u00a0 A (H1N1). Aumentado el n\u00famero de personas muertas a 29. \u00a0 <\/p>\n<p>De Mosca destac\u00f3 que los 2 nuevos decesos por A (H1N1) eran pacientes de Arraij\u00e1n y San Miguelito. <\/p>\n<p>La funcionaria destac\u00f3 que desde el 22 de abril a la fecha se han aplicado 1 mill\u00f3n de vacunas contra el A (H1N1). <\/p>\n<p>Se\u00f1al\u00f3 que la poblaci\u00f3n ser\u00e1 vacunada; no obstante, \u00a0hay prioridad para los adultos mayores, embarazadas, ni\u00f1os menores de 5 a\u00f1os o personas con alg\u00fan tipo de enfermedad. <\/p>\n<p>Insisti\u00f3 que es necesario que las personas mantengan las normas higi\u00e9nicas para evitar el contagio y\u00a0 recomend\u00f3 no automedicarse. <\/p>\n<p>Ante la persistencia de los s\u00edntomas es necesario que acudan al m\u00e9dico, resalt\u00f3 la galena. <\/p>\n<p>La directora general de Salud del Ministerio de Salud recalc\u00f3 que hay una\u00a0 alerta epidemiol\u00f3gica por los casos de A (H1N1), pero no existe una epidemia. <\/p>\n<p>\u00a0 <\/p>\n","protected":false},"excerpt":{"rendered":"<p>La\u00a0 doctora Itza Barahona de Mosca, directora general de Salud, <a href=\"https:\/\/sertv.gob.pa\/nacionalfm\/29-decesos-por-el-virus-a-h1n1-segun-ultimo-informe-del-minsa\/\"> [&#8230;]<\/a><\/p>\n","protected":false},"author":1,"featured_media":13727,"comment_status":"closed","ping_status":"closed","sticky":false,"template":"","format":"standard","meta":{"footnotes":""},"categories":[5],"tags":[],"class_list":["post-13726","post","type-post","status-publish","format-standard","has-post-thumbnail","hentry","category-salud"],"_links":{"self":[{"href":"https:\/\/sertv.gob.pa\/nacionalfm\/wp-json\/wp\/v2\/posts\/13726","targetHints":{"allow":["GET"]}}],"collection":[{"href":"https:\/\/sertv.gob.pa\/nacionalfm\/wp-json\/wp\/v2\/posts"}],"about":[{"href":"https:\/\/sertv.gob.pa\/nacionalfm\/wp-json\/wp\/v2\/types\/post"}],"author":[{"embeddable":true,"href":"https:\/\/sertv.gob.pa\/nacionalfm\/wp-json\/wp\/v2\/users\/1"}],"replies":[{"embeddable":true,"href":"https:\/\/sertv.gob.pa\/nacionalfm\/wp-json\/wp\/v2\/comments?post=13726"}],"version-history":[{"count":0,"href":"https:\/\/sertv.gob.pa\/nacionalfm\/wp-json\/wp\/v2\/posts\/13726\/revisions"}],"wp:featuredmedia":[{"embeddable":true,"href":"https:\/\/sertv.gob.pa\/nacionalfm\/wp-json\/wp\/v2\/media\/13727"}],"wp:attachment":[{"href":"https:\/\/sertv.gob.pa\/nacionalfm\/wp-json\/wp\/v2\/media?parent=13726"}],"wp:term":[{"taxonomy":"category","embeddable":true,"href":"https:\/\/sertv.gob.pa\/nacionalfm\/wp-json\/wp\/v2\/categories?post=13726"},{"taxonomy":"post_tag","embeddable":true,"href":"https:\/\/sertv.gob.pa\/nacionalfm\/wp-json\/wp\/v2\/tags?post=13726"}],"curies":[{"name":"wp","href":"https:\/\/api.w.org\/{rel}","templated":true}]}}