{"id":13732,"date":"2016-06-22T19:16:26","date_gmt":"2016-06-22T19:16:26","guid":{"rendered":""},"modified":"2016-06-22T19:16:26","modified_gmt":"2016-06-22T19:16:26","slug":"posponen-guantes-de-oro","status":"publish","type":"post","link":"https:\/\/sertv.gob.pa\/nacionalfm\/posponen-guantes-de-oro\/","title":{"rendered":"Posponen Guantes de Oro"},"content":{"rendered":"<p>\nEl presidente de la Federaci\u00f3n de Boxeo Ol\u00edmpico de Panam\u00e1 Tom\u00e1s Cianca dio a conocer a Nacional FM que el Campeonato Nacional Guantes de Oro, que estaba programado para el pr\u00f3ximo 4 al 9 de junio, se pospuso para el 18 al 23 de julio. <\/p>\n<p>Cianca manifest\u00f3 que el evento no se realizar\u00e1 en la fecha original debido a que El Instituto Paname\u00f1o de Deportes tiene compromiso previo con Los Juegos Estudiantiles, y el presupuesto choca con los Guantes de Oro. <\/p>\n","protected":false},"excerpt":{"rendered":"<p>El presidente de la Federaci\u00f3n de Boxeo Ol\u00edmpico de Panam\u00e1 <a href=\"https:\/\/sertv.gob.pa\/nacionalfm\/posponen-guantes-de-oro\/\"> [&#8230;]<\/a><\/p>\n","protected":false},"author":1,"featured_media":13733,"comment_status":"closed","ping_status":"closed","sticky":false,"template":"","format":"standard","meta":{"footnotes":""},"categories":[4],"tags":[],"class_list":["post-13732","post","type-post","status-publish","format-standard","has-post-thumbnail","hentry","category-deportes"],"_links":{"self":[{"href":"https:\/\/sertv.gob.pa\/nacionalfm\/wp-json\/wp\/v2\/posts\/13732","targetHints":{"allow":["GET"]}}],"collection":[{"href":"https:\/\/sertv.gob.pa\/nacionalfm\/wp-json\/wp\/v2\/posts"}],"about":[{"href":"https:\/\/sertv.gob.pa\/nacionalfm\/wp-json\/wp\/v2\/types\/post"}],"author":[{"embeddable":true,"href":"https:\/\/sertv.gob.pa\/nacionalfm\/wp-json\/wp\/v2\/users\/1"}],"replies":[{"embeddable":true,"href":"https:\/\/sertv.gob.pa\/nacionalfm\/wp-json\/wp\/v2\/comments?post=13732"}],"version-history":[{"count":0,"href":"https:\/\/sertv.gob.pa\/nacionalfm\/wp-json\/wp\/v2\/posts\/13732\/revisions"}],"wp:featuredmedia":[{"embeddable":true,"href":"https:\/\/sertv.gob.pa\/nacionalfm\/wp-json\/wp\/v2\/media\/13733"}],"wp:attachment":[{"href":"https:\/\/sertv.gob.pa\/nacionalfm\/wp-json\/wp\/v2\/media?parent=13732"}],"wp:term":[{"taxonomy":"category","embeddable":true,"href":"https:\/\/sertv.gob.pa\/nacionalfm\/wp-json\/wp\/v2\/categories?post=13732"},{"taxonomy":"post_tag","embeddable":true,"href":"https:\/\/sertv.gob.pa\/nacionalfm\/wp-json\/wp\/v2\/tags?post=13732"}],"curies":[{"name":"wp","href":"https:\/\/api.w.org\/{rel}","templated":true}]}}