{"id":13738,"date":"2016-06-22T21:09:02","date_gmt":"2016-06-22T21:09:02","guid":{"rendered":""},"modified":"2016-06-22T21:09:02","modified_gmt":"2016-06-22T21:09:02","slug":"de-gracia-se-prepara-para-su-combate-ante-el-nica-lara","status":"publish","type":"post","link":"https:\/\/sertv.gob.pa\/nacionalfm\/de-gracia-se-prepara-para-su-combate-ante-el-nica-lara\/","title":{"rendered":"De Gracia se prepara para su combate ante el nica Lara"},"content":{"rendered":"<p>\nBryan &ldquo;La Roca&rdquo; De Gracia se est\u00e1 preparando a conciencia para no tener inconvenientes a la hora del combate ante el nicarag\u00fcense Germ\u00e1n Lara con un r\u00e9cord de 11 victorias, 6 derrotas y 2 empates con 2 K.O. solamente contra un palmar\u00e9s 18 peleas invicto, con 14 ganadas por la v\u00eda r\u00e1pida y un empate en su debut ante Antonio Serrano tambi\u00e9n de Chiriqui, que ostenta Bryan De Gracia. <\/p>\n<p>El combate se escenificar\u00e1 el pr\u00f3ximo 2 de julio en el gimnasio de Los Naranjos de Boquete, Chiriqu\u00ed en un combate pactado a 10 asaltos en 126 libras. <\/p>\n<p>\u00a0&ldquo;Espero que Lara venga bien preparado porque lo \u00fanico bueno que llevar\u00e1 de recuerdo ser\u00e1 el paisaje y el fr\u00edo clima de Boquete. Esta pelea no debe llegar a los 10 asaltos&rdquo;, sentenci\u00f3 &ldquo;La Roca&rdquo; De Gracia. <\/p>\n","protected":false},"excerpt":{"rendered":"<p>Bryan &ldquo;La Roca&rdquo; De Gracia se est\u00e1 preparando a conciencia <a href=\"https:\/\/sertv.gob.pa\/nacionalfm\/de-gracia-se-prepara-para-su-combate-ante-el-nica-lara\/\"> [&#8230;]<\/a><\/p>\n","protected":false},"author":1,"featured_media":13739,"comment_status":"closed","ping_status":"closed","sticky":false,"template":"","format":"standard","meta":{"footnotes":""},"categories":[4],"tags":[],"class_list":["post-13738","post","type-post","status-publish","format-standard","has-post-thumbnail","hentry","category-deportes"],"_links":{"self":[{"href":"https:\/\/sertv.gob.pa\/nacionalfm\/wp-json\/wp\/v2\/posts\/13738","targetHints":{"allow":["GET"]}}],"collection":[{"href":"https:\/\/sertv.gob.pa\/nacionalfm\/wp-json\/wp\/v2\/posts"}],"about":[{"href":"https:\/\/sertv.gob.pa\/nacionalfm\/wp-json\/wp\/v2\/types\/post"}],"author":[{"embeddable":true,"href":"https:\/\/sertv.gob.pa\/nacionalfm\/wp-json\/wp\/v2\/users\/1"}],"replies":[{"embeddable":true,"href":"https:\/\/sertv.gob.pa\/nacionalfm\/wp-json\/wp\/v2\/comments?post=13738"}],"version-history":[{"count":0,"href":"https:\/\/sertv.gob.pa\/nacionalfm\/wp-json\/wp\/v2\/posts\/13738\/revisions"}],"wp:featuredmedia":[{"embeddable":true,"href":"https:\/\/sertv.gob.pa\/nacionalfm\/wp-json\/wp\/v2\/media\/13739"}],"wp:attachment":[{"href":"https:\/\/sertv.gob.pa\/nacionalfm\/wp-json\/wp\/v2\/media?parent=13738"}],"wp:term":[{"taxonomy":"category","embeddable":true,"href":"https:\/\/sertv.gob.pa\/nacionalfm\/wp-json\/wp\/v2\/categories?post=13738"},{"taxonomy":"post_tag","embeddable":true,"href":"https:\/\/sertv.gob.pa\/nacionalfm\/wp-json\/wp\/v2\/tags?post=13738"}],"curies":[{"name":"wp","href":"https:\/\/api.w.org\/{rel}","templated":true}]}}