{"id":13740,"date":"2016-06-22T21:22:23","date_gmt":"2016-06-22T21:22:23","guid":{"rendered":""},"modified":"2016-06-22T21:22:23","modified_gmt":"2016-06-22T21:22:23","slug":"realizan-torneo-de-golf-de-olimpiadas-especiales","status":"publish","type":"post","link":"https:\/\/sertv.gob.pa\/nacionalfm\/realizan-torneo-de-golf-de-olimpiadas-especiales\/","title":{"rendered":"Realizan torneo de Golf de Olimpiadas Especiales"},"content":{"rendered":"<p>\nMa\u00f1ana jueves 23 de junio se llevar\u00e1 a cabo en el Club de Golf Santa Mar\u00eda el XXIV Torneo de Golf de Personalidades de Sony en beneficio de Olimpiadas Especiales Panam\u00e1. <\/p>\n<p>Contaremos con la presencia de reconocidos golfistas del \u00e1mbito empresarial quienes se suman a la iniciativa que, este a\u00f1o, tiene como objetivo recaudar fondos para la realizaci\u00f3n de los XIV Juegos Nacionales de Olimpiadas Especiales Panam\u00e1. <\/p>\n<p> El evento iniciar\u00e1 a las 8 de la ma\u00f1ana hasta las 2 de la tarde que se debe estar realizando la premiaci\u00f3n.  <\/p>\n","protected":false},"excerpt":{"rendered":"<p>Ma\u00f1ana jueves 23 de junio se llevar\u00e1 a cabo en <a href=\"https:\/\/sertv.gob.pa\/nacionalfm\/realizan-torneo-de-golf-de-olimpiadas-especiales\/\"> [&#8230;]<\/a><\/p>\n","protected":false},"author":1,"featured_media":13741,"comment_status":"closed","ping_status":"closed","sticky":false,"template":"","format":"standard","meta":{"footnotes":""},"categories":[4],"tags":[],"class_list":["post-13740","post","type-post","status-publish","format-standard","has-post-thumbnail","hentry","category-deportes"],"_links":{"self":[{"href":"https:\/\/sertv.gob.pa\/nacionalfm\/wp-json\/wp\/v2\/posts\/13740","targetHints":{"allow":["GET"]}}],"collection":[{"href":"https:\/\/sertv.gob.pa\/nacionalfm\/wp-json\/wp\/v2\/posts"}],"about":[{"href":"https:\/\/sertv.gob.pa\/nacionalfm\/wp-json\/wp\/v2\/types\/post"}],"author":[{"embeddable":true,"href":"https:\/\/sertv.gob.pa\/nacionalfm\/wp-json\/wp\/v2\/users\/1"}],"replies":[{"embeddable":true,"href":"https:\/\/sertv.gob.pa\/nacionalfm\/wp-json\/wp\/v2\/comments?post=13740"}],"version-history":[{"count":0,"href":"https:\/\/sertv.gob.pa\/nacionalfm\/wp-json\/wp\/v2\/posts\/13740\/revisions"}],"wp:featuredmedia":[{"embeddable":true,"href":"https:\/\/sertv.gob.pa\/nacionalfm\/wp-json\/wp\/v2\/media\/13741"}],"wp:attachment":[{"href":"https:\/\/sertv.gob.pa\/nacionalfm\/wp-json\/wp\/v2\/media?parent=13740"}],"wp:term":[{"taxonomy":"category","embeddable":true,"href":"https:\/\/sertv.gob.pa\/nacionalfm\/wp-json\/wp\/v2\/categories?post=13740"},{"taxonomy":"post_tag","embeddable":true,"href":"https:\/\/sertv.gob.pa\/nacionalfm\/wp-json\/wp\/v2\/tags?post=13740"}],"curies":[{"name":"wp","href":"https:\/\/api.w.org\/{rel}","templated":true}]}}