{"id":13754,"date":"2016-06-23T15:31:53","date_gmt":"2016-06-23T15:31:53","guid":{"rendered":""},"modified":"2016-06-23T15:31:53","modified_gmt":"2016-06-23T15:31:53","slug":"realizaran-censo-escolar-de-vacunas-a-nivel-nacional","status":"publish","type":"post","link":"https:\/\/sertv.gob.pa\/nacionalfm\/realizaran-censo-escolar-de-vacunas-a-nivel-nacional\/","title":{"rendered":"Realizar\u00e1n censo escolar de vacunas a nivel nacional"},"content":{"rendered":"<p>\nLourdes Garc\u00eda, jefa de Epidemiolog\u00eda del Ministerio de Educaci\u00f3n (Minsa), confirm\u00f3 que se llevar\u00e1 a cabo, a nivel nacional, \u00a0un censo escolar para definir cu\u00e1ntos estudiantes todav\u00eda no han sido vacunados contra el virus A (H1N1). <\/p>\n<p>&ldquo;Tambi\u00e9n se har\u00e1n coordinaciones con las autoridades de Educaci\u00f3n para enviar personal m\u00e9dico a las escuelas y cubrir a esta poblaci\u00f3n vulnerable&rdquo;, explic\u00f3 Garc\u00eda, sin revelar mayores detalles de log\u00edstica. <\/p>\n<p>El pronunciamiento del Minsa se da luego de que la Confederaci\u00f3n Nacional de Padres de Familia de Educaci\u00f3n Oficial le exigiera al Gobierno agilizar acciones para vacunar a &ldquo;toda la comunidad educativa&rdquo;. <\/p>\n<p>\u00a0 <\/p>\n","protected":false},"excerpt":{"rendered":"<p>Lourdes Garc\u00eda, jefa de Epidemiolog\u00eda del Ministerio de Educaci\u00f3n (Minsa), <a href=\"https:\/\/sertv.gob.pa\/nacionalfm\/realizaran-censo-escolar-de-vacunas-a-nivel-nacional\/\"> [&#8230;]<\/a><\/p>\n","protected":false},"author":1,"featured_media":13755,"comment_status":"closed","ping_status":"closed","sticky":false,"template":"","format":"standard","meta":{"footnotes":""},"categories":[5],"tags":[],"class_list":["post-13754","post","type-post","status-publish","format-standard","has-post-thumbnail","hentry","category-salud"],"_links":{"self":[{"href":"https:\/\/sertv.gob.pa\/nacionalfm\/wp-json\/wp\/v2\/posts\/13754","targetHints":{"allow":["GET"]}}],"collection":[{"href":"https:\/\/sertv.gob.pa\/nacionalfm\/wp-json\/wp\/v2\/posts"}],"about":[{"href":"https:\/\/sertv.gob.pa\/nacionalfm\/wp-json\/wp\/v2\/types\/post"}],"author":[{"embeddable":true,"href":"https:\/\/sertv.gob.pa\/nacionalfm\/wp-json\/wp\/v2\/users\/1"}],"replies":[{"embeddable":true,"href":"https:\/\/sertv.gob.pa\/nacionalfm\/wp-json\/wp\/v2\/comments?post=13754"}],"version-history":[{"count":0,"href":"https:\/\/sertv.gob.pa\/nacionalfm\/wp-json\/wp\/v2\/posts\/13754\/revisions"}],"wp:featuredmedia":[{"embeddable":true,"href":"https:\/\/sertv.gob.pa\/nacionalfm\/wp-json\/wp\/v2\/media\/13755"}],"wp:attachment":[{"href":"https:\/\/sertv.gob.pa\/nacionalfm\/wp-json\/wp\/v2\/media?parent=13754"}],"wp:term":[{"taxonomy":"category","embeddable":true,"href":"https:\/\/sertv.gob.pa\/nacionalfm\/wp-json\/wp\/v2\/categories?post=13754"},{"taxonomy":"post_tag","embeddable":true,"href":"https:\/\/sertv.gob.pa\/nacionalfm\/wp-json\/wp\/v2\/tags?post=13754"}],"curies":[{"name":"wp","href":"https:\/\/api.w.org\/{rel}","templated":true}]}}