{"id":13758,"date":"2016-06-23T15:47:17","date_gmt":"2016-06-23T15:47:17","guid":{"rendered":""},"modified":"2016-06-23T15:47:17","modified_gmt":"2016-06-23T15:47:17","slug":"en-brasil-mil-muertos-por-gripe-a-h1n1-son-reportados","status":"publish","type":"post","link":"https:\/\/sertv.gob.pa\/nacionalfm\/en-brasil-mil-muertos-por-gripe-a-h1n1-son-reportados\/","title":{"rendered":"En Brasil mil muertos por gripe A (H1N1) son reportados"},"content":{"rendered":"<p>\nUn total de mil \u00a0personas fallecieron de  gripe A (H1N1) \u00a0en lo que va del a\u00f1o en  Brasil , pa\u00eds que en menos de dos meses inaugurar\u00e1 los Juegos Ol\u00edmpicos en pleno invierno austral. <\/p>\n<p>Entre el 3 de enero y el 11 de junio, se reportaron 5 mil 214 casos, seg\u00fan un bolet\u00edn epidemiol\u00f3gico del ministerio de Salud. <\/p>\n<p>Se trata del mayor n\u00famero de decesos causados por esta dolencia en Brasil desde la pandemia de 2009, cuando murieron 2\u00a0mil\u00a060 personas. <\/p>\n<p>El virus H1N1 suele resurgir entre mayo y junio, cuando las temperaturas caen. <\/p>\n<p>\u00a0 <\/p>\n","protected":false},"excerpt":{"rendered":"<p>Un total de mil \u00a0personas fallecieron de gripe A (H1N1) <a href=\"https:\/\/sertv.gob.pa\/nacionalfm\/en-brasil-mil-muertos-por-gripe-a-h1n1-son-reportados\/\"> [&#8230;]<\/a><\/p>\n","protected":false},"author":1,"featured_media":13759,"comment_status":"closed","ping_status":"closed","sticky":false,"template":"","format":"standard","meta":{"footnotes":""},"categories":[5],"tags":[],"class_list":["post-13758","post","type-post","status-publish","format-standard","has-post-thumbnail","hentry","category-salud"],"_links":{"self":[{"href":"https:\/\/sertv.gob.pa\/nacionalfm\/wp-json\/wp\/v2\/posts\/13758","targetHints":{"allow":["GET"]}}],"collection":[{"href":"https:\/\/sertv.gob.pa\/nacionalfm\/wp-json\/wp\/v2\/posts"}],"about":[{"href":"https:\/\/sertv.gob.pa\/nacionalfm\/wp-json\/wp\/v2\/types\/post"}],"author":[{"embeddable":true,"href":"https:\/\/sertv.gob.pa\/nacionalfm\/wp-json\/wp\/v2\/users\/1"}],"replies":[{"embeddable":true,"href":"https:\/\/sertv.gob.pa\/nacionalfm\/wp-json\/wp\/v2\/comments?post=13758"}],"version-history":[{"count":0,"href":"https:\/\/sertv.gob.pa\/nacionalfm\/wp-json\/wp\/v2\/posts\/13758\/revisions"}],"wp:featuredmedia":[{"embeddable":true,"href":"https:\/\/sertv.gob.pa\/nacionalfm\/wp-json\/wp\/v2\/media\/13759"}],"wp:attachment":[{"href":"https:\/\/sertv.gob.pa\/nacionalfm\/wp-json\/wp\/v2\/media?parent=13758"}],"wp:term":[{"taxonomy":"category","embeddable":true,"href":"https:\/\/sertv.gob.pa\/nacionalfm\/wp-json\/wp\/v2\/categories?post=13758"},{"taxonomy":"post_tag","embeddable":true,"href":"https:\/\/sertv.gob.pa\/nacionalfm\/wp-json\/wp\/v2\/tags?post=13758"}],"curies":[{"name":"wp","href":"https:\/\/api.w.org\/{rel}","templated":true}]}}