{"id":13788,"date":"2016-06-24T18:40:04","date_gmt":"2016-06-24T18:40:04","guid":{"rendered":""},"modified":"2016-06-24T18:40:04","modified_gmt":"2016-06-24T18:40:04","slug":"dos-muertes-mas-por-a-h1n1-aumentando-a-31","status":"publish","type":"post","link":"https:\/\/sertv.gob.pa\/nacionalfm\/dos-muertes-mas-por-a-h1n1-aumentando-a-31\/","title":{"rendered":"Dos muertes m\u00e1s por A (H1N1) aumentando a 31"},"content":{"rendered":"<p>\nDos nuevas muertes por A (H1N1) fueron confirmadas por el Ministerio de Salud (Minsa), lo que eleva 31 los fallecimientos <\/p>\n<p>N\u00e9stor Sosa, director encargado del Instituto Conmemorativo Gorgas de Estudios de la Salud dijo que 1,546 pacientes han requerido hospitalizaci\u00f3n por infecci\u00f3n respiratoria aguda grave, de los cuales 1,158 pacientes \u00a0ya han sido dados de alta y permanecen hospitalizados 388 pacientes. <\/p>\n<p>\u00abSe gestiona la compra de un mill\u00f3n de dosis de vacunas adicionales, lo que permitir\u00e1 alcanzar una mayor cobertura para disminuir la transmisi\u00f3n de la influenza\u00bb, a\u00f1adi\u00f3 Sosa. <\/p>\n<p>El Minsa informa que desde el 22 de abril a la fecha se han aplicado 1, 371, 341 dosis de vacunas contra la influenza, superando las recomendaciones de la Organizaci\u00f3n Mundial de la Salud (OMS) y la Organizaci\u00f3n Panamericana de la Salud (OPS). <\/p>\n<p>Las autoridades de salud recomiendan a la poblaci\u00f3n cumplir con las medidas higi\u00e9nicas b\u00e1sicas de prevenci\u00f3n, porque se disminuye el riesgo de adquirir la influenza y otras enfermedades. <\/p>\n<p>\u00a0 <\/p>\n","protected":false},"excerpt":{"rendered":"<p>Dos nuevas muertes por A (H1N1) fueron confirmadas por el <a href=\"https:\/\/sertv.gob.pa\/nacionalfm\/dos-muertes-mas-por-a-h1n1-aumentando-a-31\/\"> [&#8230;]<\/a><\/p>\n","protected":false},"author":1,"featured_media":13789,"comment_status":"closed","ping_status":"closed","sticky":false,"template":"","format":"standard","meta":{"footnotes":""},"categories":[5],"tags":[],"class_list":["post-13788","post","type-post","status-publish","format-standard","has-post-thumbnail","hentry","category-salud"],"_links":{"self":[{"href":"https:\/\/sertv.gob.pa\/nacionalfm\/wp-json\/wp\/v2\/posts\/13788","targetHints":{"allow":["GET"]}}],"collection":[{"href":"https:\/\/sertv.gob.pa\/nacionalfm\/wp-json\/wp\/v2\/posts"}],"about":[{"href":"https:\/\/sertv.gob.pa\/nacionalfm\/wp-json\/wp\/v2\/types\/post"}],"author":[{"embeddable":true,"href":"https:\/\/sertv.gob.pa\/nacionalfm\/wp-json\/wp\/v2\/users\/1"}],"replies":[{"embeddable":true,"href":"https:\/\/sertv.gob.pa\/nacionalfm\/wp-json\/wp\/v2\/comments?post=13788"}],"version-history":[{"count":0,"href":"https:\/\/sertv.gob.pa\/nacionalfm\/wp-json\/wp\/v2\/posts\/13788\/revisions"}],"wp:featuredmedia":[{"embeddable":true,"href":"https:\/\/sertv.gob.pa\/nacionalfm\/wp-json\/wp\/v2\/media\/13789"}],"wp:attachment":[{"href":"https:\/\/sertv.gob.pa\/nacionalfm\/wp-json\/wp\/v2\/media?parent=13788"}],"wp:term":[{"taxonomy":"category","embeddable":true,"href":"https:\/\/sertv.gob.pa\/nacionalfm\/wp-json\/wp\/v2\/categories?post=13788"},{"taxonomy":"post_tag","embeddable":true,"href":"https:\/\/sertv.gob.pa\/nacionalfm\/wp-json\/wp\/v2\/tags?post=13788"}],"curies":[{"name":"wp","href":"https:\/\/api.w.org\/{rel}","templated":true}]}}