{"id":13800,"date":"2016-06-24T21:29:14","date_gmt":"2016-06-24T21:29:14","guid":{"rendered":""},"modified":"2016-06-24T21:29:14","modified_gmt":"2016-06-24T21:29:14","slug":"panama-clasifica-a-semifinales-al-vencer-en-gran-partido-a-cuba","status":"publish","type":"post","link":"https:\/\/sertv.gob.pa\/nacionalfm\/panama-clasifica-a-semifinales-al-vencer-en-gran-partido-a-cuba\/","title":{"rendered":"Panam\u00e1 clasifica a semifinales al vencer en gran partido a Cuba"},"content":{"rendered":"<p>\n Panam\u00e1 clasific\u00f3 a semifinales en el CENTROBASKET al vencer en gran partido a Cuba por tablero de 76-71 al quinteto de Cuba, y se mide hoy a M\u00e9xico.  <\/p>\n<p> En la otra llave se enfrentan Rep\u00fablica Dominicana y Puerto Rico y la final se jugar\u00e1 ma\u00f1ana s\u00e1bado a las 8: de la noche y el partido por el tercer lugar se jugar\u00e1 previamente a las 5:45 de la tarde.  <\/p>\n<p> La Selecci\u00f3n Nacional de Panam\u00e1 ya est\u00e1 clasificada a la Divisi\u00f3n A del Nuevo Sistema de Competencia y Calendario FIBA que clasificar\u00e1 a siete (7) equipos a la Copa del Mundo de Baloncesto FIBA 2019 a celebrarse en China.  <\/p>\n<p> Panam\u00e1 tambi\u00e9n se clasifica a la FIBA America 2017 en la que jugar\u00e1n los mejores doce (12) equipos del Continente para determinar qui\u00e9n es el mejor de Am\u00e9rica.  <\/p>\n","protected":false},"excerpt":{"rendered":"<p>Panam\u00e1 clasific\u00f3 a semifinales en el CENTROBASKET al vencer en <a href=\"https:\/\/sertv.gob.pa\/nacionalfm\/panama-clasifica-a-semifinales-al-vencer-en-gran-partido-a-cuba\/\"> [&#8230;]<\/a><\/p>\n","protected":false},"author":1,"featured_media":13801,"comment_status":"closed","ping_status":"closed","sticky":false,"template":"","format":"standard","meta":{"footnotes":""},"categories":[4],"tags":[],"class_list":["post-13800","post","type-post","status-publish","format-standard","has-post-thumbnail","hentry","category-deportes"],"_links":{"self":[{"href":"https:\/\/sertv.gob.pa\/nacionalfm\/wp-json\/wp\/v2\/posts\/13800","targetHints":{"allow":["GET"]}}],"collection":[{"href":"https:\/\/sertv.gob.pa\/nacionalfm\/wp-json\/wp\/v2\/posts"}],"about":[{"href":"https:\/\/sertv.gob.pa\/nacionalfm\/wp-json\/wp\/v2\/types\/post"}],"author":[{"embeddable":true,"href":"https:\/\/sertv.gob.pa\/nacionalfm\/wp-json\/wp\/v2\/users\/1"}],"replies":[{"embeddable":true,"href":"https:\/\/sertv.gob.pa\/nacionalfm\/wp-json\/wp\/v2\/comments?post=13800"}],"version-history":[{"count":0,"href":"https:\/\/sertv.gob.pa\/nacionalfm\/wp-json\/wp\/v2\/posts\/13800\/revisions"}],"wp:featuredmedia":[{"embeddable":true,"href":"https:\/\/sertv.gob.pa\/nacionalfm\/wp-json\/wp\/v2\/media\/13801"}],"wp:attachment":[{"href":"https:\/\/sertv.gob.pa\/nacionalfm\/wp-json\/wp\/v2\/media?parent=13800"}],"wp:term":[{"taxonomy":"category","embeddable":true,"href":"https:\/\/sertv.gob.pa\/nacionalfm\/wp-json\/wp\/v2\/categories?post=13800"},{"taxonomy":"post_tag","embeddable":true,"href":"https:\/\/sertv.gob.pa\/nacionalfm\/wp-json\/wp\/v2\/tags?post=13800"}],"curies":[{"name":"wp","href":"https:\/\/api.w.org\/{rel}","templated":true}]}}