{"id":13834,"date":"2016-06-27T14:17:13","date_gmt":"2016-06-27T14:17:13","guid":{"rendered":""},"modified":"2016-06-27T14:17:13","modified_gmt":"2016-06-27T14:17:13","slug":"edgar-crespo-no-logra-objetivo-de-en-torneo-en-roma-italia","status":"publish","type":"post","link":"https:\/\/sertv.gob.pa\/nacionalfm\/edgar-crespo-no-logra-objetivo-de-en-torneo-en-roma-italia\/","title":{"rendered":"Edgar Crespo no logra objetivo de en torneo en Roma, Italia"},"content":{"rendered":"<p>\n El nadador paname\u00f1o no pudo lograr su objetivo de pasar a la siguiente ronda, en los eventos de 50 y 100 metros pecho, \u00a0en el 53\u00b0 Campeonato Internazionale Di Nuoto Sette Cololi que se realiz\u00f3 en Roma, Italia del 24 al 26 de junio.  <\/p>\n<p> El paname\u00f1o compiti\u00f3 el viernes 24 y s\u00e1bado 25 de junio en su \u00faltima competencia previa a los Juegos Ol\u00edmpicos de R\u00edo de Janeiro, Brasil 2016.  <\/p>\n<p> Hasta ayer (26 de junio), el nadador paname\u00f1o, se encuentra de #6 (con tiempo de 1:01.29) en una lista no oficial de atletas con marca invitacional del Ranking Mundial FINA en los 100 metros pecho para R\u00edo 2016.  <\/p>\n","protected":false},"excerpt":{"rendered":"<p>El nadador paname\u00f1o no pudo lograr su objetivo de pasar <a href=\"https:\/\/sertv.gob.pa\/nacionalfm\/edgar-crespo-no-logra-objetivo-de-en-torneo-en-roma-italia\/\"> [&#8230;]<\/a><\/p>\n","protected":false},"author":1,"featured_media":13835,"comment_status":"closed","ping_status":"closed","sticky":false,"template":"","format":"standard","meta":{"footnotes":""},"categories":[4],"tags":[],"class_list":["post-13834","post","type-post","status-publish","format-standard","has-post-thumbnail","hentry","category-deportes"],"_links":{"self":[{"href":"https:\/\/sertv.gob.pa\/nacionalfm\/wp-json\/wp\/v2\/posts\/13834","targetHints":{"allow":["GET"]}}],"collection":[{"href":"https:\/\/sertv.gob.pa\/nacionalfm\/wp-json\/wp\/v2\/posts"}],"about":[{"href":"https:\/\/sertv.gob.pa\/nacionalfm\/wp-json\/wp\/v2\/types\/post"}],"author":[{"embeddable":true,"href":"https:\/\/sertv.gob.pa\/nacionalfm\/wp-json\/wp\/v2\/users\/1"}],"replies":[{"embeddable":true,"href":"https:\/\/sertv.gob.pa\/nacionalfm\/wp-json\/wp\/v2\/comments?post=13834"}],"version-history":[{"count":0,"href":"https:\/\/sertv.gob.pa\/nacionalfm\/wp-json\/wp\/v2\/posts\/13834\/revisions"}],"wp:featuredmedia":[{"embeddable":true,"href":"https:\/\/sertv.gob.pa\/nacionalfm\/wp-json\/wp\/v2\/media\/13835"}],"wp:attachment":[{"href":"https:\/\/sertv.gob.pa\/nacionalfm\/wp-json\/wp\/v2\/media?parent=13834"}],"wp:term":[{"taxonomy":"category","embeddable":true,"href":"https:\/\/sertv.gob.pa\/nacionalfm\/wp-json\/wp\/v2\/categories?post=13834"},{"taxonomy":"post_tag","embeddable":true,"href":"https:\/\/sertv.gob.pa\/nacionalfm\/wp-json\/wp\/v2\/tags?post=13834"}],"curies":[{"name":"wp","href":"https:\/\/api.w.org\/{rel}","templated":true}]}}