{"id":13844,"date":"2016-06-27T15:05:02","date_gmt":"2016-06-27T15:05:02","guid":{"rendered":""},"modified":"2016-06-27T15:05:02","modified_gmt":"2016-06-27T15:05:02","slug":"pandeportes-rinde-homenaje-a-jair-peralta","status":"publish","type":"post","link":"https:\/\/sertv.gob.pa\/nacionalfm\/pandeportes-rinde-homenaje-a-jair-peralta\/","title":{"rendered":"PANDEPORTES rinde homenaje a Jair Peralta"},"content":{"rendered":"<p>\nEl actual presidente de la Federaci\u00f3n Paname\u00f1a de Baloncesto Jair Peralta recibi\u00f3 un homenaje organizado por El Instituto Paname\u00f1o de Deportes, luego del partido de Panam\u00e1 ante Cuba, en las semifinales del CENTROBASKET. <\/p>\n<p>Roberto &ldquo;Bob&rdquo; Arango actual jerarca de la instituci\u00f3n deportiva invit\u00f3 a Peralta al tabloncillo y conjuntamente con el vicecanciller Luis Hincapi\u00e9, federados, jugadores y dem\u00e1s directivos de PANDEPORTES \u00a0mostraron un video en honor a su labor como jugador y dirigente \u00a0 deportivo, labor que ha paso a una fruct\u00edfera y nueva etapa en el baloncesto paname\u00f1o. <\/p>\n<p>Jugadores y t\u00e9cnicos del equipo de Panam\u00e1 \u00a0tambi\u00e9n honraron \u00a0a \u00a0Jair Peralta obsequi\u00e1ndole una camiseta firmada por todo el elenco nacional. \u00a0 Acompa\u00f1ados por sus padres, el \u00a0presidente de FFEPABA fue aplaudido de pie por el p\u00fablico asistente. <\/p>\n<p>\u00a0 <\/p>\n","protected":false},"excerpt":{"rendered":"<p>El actual presidente de la Federaci\u00f3n Paname\u00f1a de Baloncesto Jair <a href=\"https:\/\/sertv.gob.pa\/nacionalfm\/pandeportes-rinde-homenaje-a-jair-peralta\/\"> [&#8230;]<\/a><\/p>\n","protected":false},"author":1,"featured_media":13845,"comment_status":"closed","ping_status":"closed","sticky":false,"template":"","format":"standard","meta":{"footnotes":""},"categories":[4],"tags":[],"class_list":["post-13844","post","type-post","status-publish","format-standard","has-post-thumbnail","hentry","category-deportes"],"_links":{"self":[{"href":"https:\/\/sertv.gob.pa\/nacionalfm\/wp-json\/wp\/v2\/posts\/13844","targetHints":{"allow":["GET"]}}],"collection":[{"href":"https:\/\/sertv.gob.pa\/nacionalfm\/wp-json\/wp\/v2\/posts"}],"about":[{"href":"https:\/\/sertv.gob.pa\/nacionalfm\/wp-json\/wp\/v2\/types\/post"}],"author":[{"embeddable":true,"href":"https:\/\/sertv.gob.pa\/nacionalfm\/wp-json\/wp\/v2\/users\/1"}],"replies":[{"embeddable":true,"href":"https:\/\/sertv.gob.pa\/nacionalfm\/wp-json\/wp\/v2\/comments?post=13844"}],"version-history":[{"count":0,"href":"https:\/\/sertv.gob.pa\/nacionalfm\/wp-json\/wp\/v2\/posts\/13844\/revisions"}],"wp:featuredmedia":[{"embeddable":true,"href":"https:\/\/sertv.gob.pa\/nacionalfm\/wp-json\/wp\/v2\/media\/13845"}],"wp:attachment":[{"href":"https:\/\/sertv.gob.pa\/nacionalfm\/wp-json\/wp\/v2\/media?parent=13844"}],"wp:term":[{"taxonomy":"category","embeddable":true,"href":"https:\/\/sertv.gob.pa\/nacionalfm\/wp-json\/wp\/v2\/categories?post=13844"},{"taxonomy":"post_tag","embeddable":true,"href":"https:\/\/sertv.gob.pa\/nacionalfm\/wp-json\/wp\/v2\/tags?post=13844"}],"curies":[{"name":"wp","href":"https:\/\/api.w.org\/{rel}","templated":true}]}}