{"id":13846,"date":"2016-06-27T15:31:07","date_gmt":"2016-06-27T15:31:07","guid":{"rendered":""},"modified":"2016-06-27T15:31:07","modified_gmt":"2016-06-27T15:31:07","slug":"tecnico-pipino-selecciona-jugadores-para-cuadrangular-amistoso","status":"publish","type":"post","link":"https:\/\/sertv.gob.pa\/nacionalfm\/tecnico-pipino-selecciona-jugadores-para-cuadrangular-amistoso\/","title":{"rendered":"T\u00e9cnico Pipino selecciona jugadores para cuadrangular amistoso"},"content":{"rendered":"<p>\nEl director t\u00e9cnico de la Selecci\u00f3n Sub-20 de Panam\u00e1, Leo Pipino entreg\u00f3 el listado de 19 juagadores que participar\u00e1n en el cuadrangular amistoso que se desarrollar\u00e1 en Los \u00c1ngeles, Estados Unidos, desde el 29 de junio al 3 de julio pr\u00f3ximos.\u00a0 <\/p>\n<p>El onceno nacional enfrentar\u00e1 en este cuadrangular a los seleccionados de Jap\u00f3n (29 de junio); Estados Unidos (1 de julio), y Costa Rica (3 de julio). Todos los partidos se jugar\u00e1n en el\u00a0Glenn \u00abMooch\u00bb Myernick Field\u00a0ubicado dentro del complejo del StubHub! Center de Carson, California. <\/p>\n<p>El equipo paname\u00f1o entrenar\u00e1 la tarde de hoy, lunes, en el Rommel Fern\u00e1ndez (desde las 16 horas) y se concentrar\u00e1 en horas de la noche para viajar ma\u00f1ana, martes, a eso de las 9:35 a.m. <\/p>\n<p>Pepino seleccion\u00f3 a los porteros, Samuel Batista del Chorrillo, FC, Marcos Mel\u00e9ndez del Tauro y Juan Loaiza del Cievo Verona Academy, como defensas a C\u00e9sar Blackman del Chorrillo, John Del Busto del San Francisco, Adr\u00e9s Andrade tambi\u00e9n del San Francisco, Javier Rivera del Tauro, Jiovay Ramos del San Francisco y del Plaza Amador a Mois\u00e9s Gil. <\/p>\n<p>Como volantes a Jorge Guti\u00e9rrez del Tauro, Adalberto Carrasquilla tambi\u00e9n del Tauro, Camell Asprilla del \u00c1rabe Unido, del San Francisco a Justin Simons, Alberto Qui\u00f1ones del Aalianza, Ricardo \u00c1vila del Chorrillo y Milciades Molina del Plaza Amador.\u00a0 <\/p>\n<p>En la punta jugar\u00e1n Leandro \u00c1vila del Chorrillo, Luis Z\u00fa\u00f1iga de Costa del Este FC, \u00a0e Isidoro Hinestroza del San Francisco. <\/p>\n<p>\u00a0 <\/p>\n","protected":false},"excerpt":{"rendered":"<p>El director t\u00e9cnico de la Selecci\u00f3n Sub-20 de Panam\u00e1, Leo <a href=\"https:\/\/sertv.gob.pa\/nacionalfm\/tecnico-pipino-selecciona-jugadores-para-cuadrangular-amistoso\/\"> [&#8230;]<\/a><\/p>\n","protected":false},"author":1,"featured_media":13847,"comment_status":"closed","ping_status":"closed","sticky":false,"template":"","format":"standard","meta":{"footnotes":""},"categories":[4],"tags":[],"class_list":["post-13846","post","type-post","status-publish","format-standard","has-post-thumbnail","hentry","category-deportes"],"_links":{"self":[{"href":"https:\/\/sertv.gob.pa\/nacionalfm\/wp-json\/wp\/v2\/posts\/13846","targetHints":{"allow":["GET"]}}],"collection":[{"href":"https:\/\/sertv.gob.pa\/nacionalfm\/wp-json\/wp\/v2\/posts"}],"about":[{"href":"https:\/\/sertv.gob.pa\/nacionalfm\/wp-json\/wp\/v2\/types\/post"}],"author":[{"embeddable":true,"href":"https:\/\/sertv.gob.pa\/nacionalfm\/wp-json\/wp\/v2\/users\/1"}],"replies":[{"embeddable":true,"href":"https:\/\/sertv.gob.pa\/nacionalfm\/wp-json\/wp\/v2\/comments?post=13846"}],"version-history":[{"count":0,"href":"https:\/\/sertv.gob.pa\/nacionalfm\/wp-json\/wp\/v2\/posts\/13846\/revisions"}],"wp:featuredmedia":[{"embeddable":true,"href":"https:\/\/sertv.gob.pa\/nacionalfm\/wp-json\/wp\/v2\/media\/13847"}],"wp:attachment":[{"href":"https:\/\/sertv.gob.pa\/nacionalfm\/wp-json\/wp\/v2\/media?parent=13846"}],"wp:term":[{"taxonomy":"category","embeddable":true,"href":"https:\/\/sertv.gob.pa\/nacionalfm\/wp-json\/wp\/v2\/categories?post=13846"},{"taxonomy":"post_tag","embeddable":true,"href":"https:\/\/sertv.gob.pa\/nacionalfm\/wp-json\/wp\/v2\/tags?post=13846"}],"curies":[{"name":"wp","href":"https:\/\/api.w.org\/{rel}","templated":true}]}}