{"id":13852,"date":"2016-06-27T16:05:48","date_gmt":"2016-06-27T16:05:48","guid":{"rendered":""},"modified":"2016-06-27T16:05:48","modified_gmt":"2016-06-27T16:05:48","slug":"michael-hicks-se-retira-del-baloncesto","status":"publish","type":"post","link":"https:\/\/sertv.gob.pa\/nacionalfm\/michael-hicks-se-retira-del-baloncesto\/","title":{"rendered":"Michael Hicks se retira del Baloncesto"},"content":{"rendered":"<p>\nEl alero de la Selecci\u00f3n Paname\u00f1a de Baloncesto Michael Hicks anunci\u00f3 su retiro de la Selecci\u00f3n Nacional y del Baloncesto. Hicks nacido el 4 de agosto de 1976, \u00a0con una altura de 1.95 m y un peso de 200 libras. <\/p>\n<p>La trayectoria de Michel Hicks fue la siguiente, Universidad de Texas en el 2001 fue no minado en el draft de la NBA, pero no fue elegido. <\/p>\n<p>Jug\u00f3 para el club Hebraica y Macab\u00ed en la Liga Uruguaya de Basketball. <\/p>\n<p>Hicks finaliza su carrera luego del partido de Panam\u00e1 ante Rep\u00fablica Dominicana, en disputa del tercer lugar que lograron los dominicanos en el CENTROBASKET, 2016 que se realiz\u00f3 en Panam\u00e1. <\/p>\n","protected":false},"excerpt":{"rendered":"<p>El alero de la Selecci\u00f3n Paname\u00f1a de Baloncesto Michael Hicks <a href=\"https:\/\/sertv.gob.pa\/nacionalfm\/michael-hicks-se-retira-del-baloncesto\/\"> [&#8230;]<\/a><\/p>\n","protected":false},"author":1,"featured_media":13853,"comment_status":"closed","ping_status":"closed","sticky":false,"template":"","format":"standard","meta":{"footnotes":""},"categories":[4],"tags":[],"class_list":["post-13852","post","type-post","status-publish","format-standard","has-post-thumbnail","hentry","category-deportes"],"_links":{"self":[{"href":"https:\/\/sertv.gob.pa\/nacionalfm\/wp-json\/wp\/v2\/posts\/13852","targetHints":{"allow":["GET"]}}],"collection":[{"href":"https:\/\/sertv.gob.pa\/nacionalfm\/wp-json\/wp\/v2\/posts"}],"about":[{"href":"https:\/\/sertv.gob.pa\/nacionalfm\/wp-json\/wp\/v2\/types\/post"}],"author":[{"embeddable":true,"href":"https:\/\/sertv.gob.pa\/nacionalfm\/wp-json\/wp\/v2\/users\/1"}],"replies":[{"embeddable":true,"href":"https:\/\/sertv.gob.pa\/nacionalfm\/wp-json\/wp\/v2\/comments?post=13852"}],"version-history":[{"count":0,"href":"https:\/\/sertv.gob.pa\/nacionalfm\/wp-json\/wp\/v2\/posts\/13852\/revisions"}],"wp:featuredmedia":[{"embeddable":true,"href":"https:\/\/sertv.gob.pa\/nacionalfm\/wp-json\/wp\/v2\/media\/13853"}],"wp:attachment":[{"href":"https:\/\/sertv.gob.pa\/nacionalfm\/wp-json\/wp\/v2\/media?parent=13852"}],"wp:term":[{"taxonomy":"category","embeddable":true,"href":"https:\/\/sertv.gob.pa\/nacionalfm\/wp-json\/wp\/v2\/categories?post=13852"},{"taxonomy":"post_tag","embeddable":true,"href":"https:\/\/sertv.gob.pa\/nacionalfm\/wp-json\/wp\/v2\/tags?post=13852"}],"curies":[{"name":"wp","href":"https:\/\/api.w.org\/{rel}","templated":true}]}}