{"id":13866,"date":"2016-06-27T19:20:23","date_gmt":"2016-06-27T19:20:23","guid":{"rendered":""},"modified":"2016-06-27T19:20:23","modified_gmt":"2016-06-27T19:20:23","slug":"reapertura-de-todos-los-servicios-en-hospital-de-la-24-diciembre","status":"publish","type":"post","link":"https:\/\/sertv.gob.pa\/nacionalfm\/reapertura-de-todos-los-servicios-en-hospital-de-la-24-diciembre\/","title":{"rendered":"Reapertura de todos los servicios en Hospital de la 24 Diciembre"},"content":{"rendered":"<p>\nEl hospital Irma De Lourdes Tzanetatos, ubicado en la 24 de Diciembre, inici\u00f3 la reapertura de todos los servicios y salas de hospitalizaci\u00f3n de este centro hospitalario, para atender la demanda de aproximadamente 500 mil usuarios que acuden a este centro hospitalario para atenci\u00f3n en los distintos servicios. <\/p>\n<p>La semana pasada empezaron el servicio de\u00a0 cirug\u00eda de urgencias logrando el 80% de reapertura de los servicios de este centro hospitalario, inform\u00f3 el Dr. Alejandro Arango, director m\u00e9dico del nosocomio. <\/p>\n<p>\u00a0 <\/p>\n","protected":false},"excerpt":{"rendered":"<p>El hospital Irma De Lourdes Tzanetatos, ubicado en la 24 <a href=\"https:\/\/sertv.gob.pa\/nacionalfm\/reapertura-de-todos-los-servicios-en-hospital-de-la-24-diciembre\/\"> [&#8230;]<\/a><\/p>\n","protected":false},"author":1,"featured_media":13867,"comment_status":"closed","ping_status":"closed","sticky":false,"template":"","format":"standard","meta":{"footnotes":""},"categories":[5],"tags":[],"class_list":["post-13866","post","type-post","status-publish","format-standard","has-post-thumbnail","hentry","category-salud"],"_links":{"self":[{"href":"https:\/\/sertv.gob.pa\/nacionalfm\/wp-json\/wp\/v2\/posts\/13866","targetHints":{"allow":["GET"]}}],"collection":[{"href":"https:\/\/sertv.gob.pa\/nacionalfm\/wp-json\/wp\/v2\/posts"}],"about":[{"href":"https:\/\/sertv.gob.pa\/nacionalfm\/wp-json\/wp\/v2\/types\/post"}],"author":[{"embeddable":true,"href":"https:\/\/sertv.gob.pa\/nacionalfm\/wp-json\/wp\/v2\/users\/1"}],"replies":[{"embeddable":true,"href":"https:\/\/sertv.gob.pa\/nacionalfm\/wp-json\/wp\/v2\/comments?post=13866"}],"version-history":[{"count":0,"href":"https:\/\/sertv.gob.pa\/nacionalfm\/wp-json\/wp\/v2\/posts\/13866\/revisions"}],"wp:featuredmedia":[{"embeddable":true,"href":"https:\/\/sertv.gob.pa\/nacionalfm\/wp-json\/wp\/v2\/media\/13867"}],"wp:attachment":[{"href":"https:\/\/sertv.gob.pa\/nacionalfm\/wp-json\/wp\/v2\/media?parent=13866"}],"wp:term":[{"taxonomy":"category","embeddable":true,"href":"https:\/\/sertv.gob.pa\/nacionalfm\/wp-json\/wp\/v2\/categories?post=13866"},{"taxonomy":"post_tag","embeddable":true,"href":"https:\/\/sertv.gob.pa\/nacionalfm\/wp-json\/wp\/v2\/tags?post=13866"}],"curies":[{"name":"wp","href":"https:\/\/api.w.org\/{rel}","templated":true}]}}