{"id":13874,"date":"2016-06-27T21:12:48","date_gmt":"2016-06-27T21:12:48","guid":{"rendered":""},"modified":"2016-06-27T21:12:48","modified_gmt":"2016-06-27T21:12:48","slug":"cop-recibe-patrocinio-de-pines-para-juegos-olimpicos-de-rio","status":"publish","type":"post","link":"https:\/\/sertv.gob.pa\/nacionalfm\/cop-recibe-patrocinio-de-pines-para-juegos-olimpicos-de-rio\/","title":{"rendered":"COP recibe patrocinio de pines para Juegos Ol\u00edmpicos de R\u00edo"},"content":{"rendered":"<p>\nLos pines que llevar\u00e1n los atletas paname\u00f1os a los Juegos Ol\u00edmpicos de R\u00edo de Janeiro 2016, fueron patrocinado al Comit\u00e9 Ol\u00edmpico de Panam\u00e1 por el Grupo Harari. <\/p>\n<p>El Sr. Allan Husney, hizo la entrega al presidente del COP, el Ing. Camilo Amado, junto con pisapapeles que tienen los logos de los juegos en una de sus caras y en el dorso el del COP. <\/p>\n<p>\u00abEs importante que un grupo comercial tan importante y de tradici\u00f3n apoye a los atletas que van a R\u00edo\u00bb, se\u00f1al\u00f3 Allan Baitel, tesorero del COP. \u00abAdem\u00e1s por primera vez , una empresa pone al alcance de sus clientes los pines con una campa\u00f1a muy atractiva\u00bb, agreg\u00f3. <\/p>\n<p>Mientras que, Amado se\u00f1al\u00f3 que los pines que llevan el logo del COP ser\u00e1n intercambiados por los atletas paname\u00f1os con atletas de todo los pa\u00edses participantes. <\/p>\n<p>\u00abEs una tradici\u00f3n la actividad de los pines y los nuestros estar\u00e1n entre los m\u00e1s solicitados\u00bb, indic\u00f3 Amado.\u00a0 <\/p>\n","protected":false},"excerpt":{"rendered":"<p>Los pines que llevar\u00e1n los atletas paname\u00f1os a los Juegos <a href=\"https:\/\/sertv.gob.pa\/nacionalfm\/cop-recibe-patrocinio-de-pines-para-juegos-olimpicos-de-rio\/\"> [&#8230;]<\/a><\/p>\n","protected":false},"author":1,"featured_media":13875,"comment_status":"closed","ping_status":"closed","sticky":false,"template":"","format":"standard","meta":{"footnotes":""},"categories":[4],"tags":[],"class_list":["post-13874","post","type-post","status-publish","format-standard","has-post-thumbnail","hentry","category-deportes"],"_links":{"self":[{"href":"https:\/\/sertv.gob.pa\/nacionalfm\/wp-json\/wp\/v2\/posts\/13874","targetHints":{"allow":["GET"]}}],"collection":[{"href":"https:\/\/sertv.gob.pa\/nacionalfm\/wp-json\/wp\/v2\/posts"}],"about":[{"href":"https:\/\/sertv.gob.pa\/nacionalfm\/wp-json\/wp\/v2\/types\/post"}],"author":[{"embeddable":true,"href":"https:\/\/sertv.gob.pa\/nacionalfm\/wp-json\/wp\/v2\/users\/1"}],"replies":[{"embeddable":true,"href":"https:\/\/sertv.gob.pa\/nacionalfm\/wp-json\/wp\/v2\/comments?post=13874"}],"version-history":[{"count":0,"href":"https:\/\/sertv.gob.pa\/nacionalfm\/wp-json\/wp\/v2\/posts\/13874\/revisions"}],"wp:featuredmedia":[{"embeddable":true,"href":"https:\/\/sertv.gob.pa\/nacionalfm\/wp-json\/wp\/v2\/media\/13875"}],"wp:attachment":[{"href":"https:\/\/sertv.gob.pa\/nacionalfm\/wp-json\/wp\/v2\/media?parent=13874"}],"wp:term":[{"taxonomy":"category","embeddable":true,"href":"https:\/\/sertv.gob.pa\/nacionalfm\/wp-json\/wp\/v2\/categories?post=13874"},{"taxonomy":"post_tag","embeddable":true,"href":"https:\/\/sertv.gob.pa\/nacionalfm\/wp-json\/wp\/v2\/tags?post=13874"}],"curies":[{"name":"wp","href":"https:\/\/api.w.org\/{rel}","templated":true}]}}