{"id":13876,"date":"2016-06-27T21:26:09","date_gmt":"2016-06-27T21:26:09","guid":{"rendered":""},"modified":"2016-06-27T21:26:09","modified_gmt":"2016-06-27T21:26:09","slug":"el-san-francisco-vuelve-con-plan-sanfran-en-la-comunidad","status":"publish","type":"post","link":"https:\/\/sertv.gob.pa\/nacionalfm\/el-san-francisco-vuelve-con-plan-sanfran-en-la-comunidad\/","title":{"rendered":"El San Francisco, vuelve con plan \u201cSanFran en la Comunidad\u201d"},"content":{"rendered":"<p>\nEl plan &ldquo;SanFra en la Comunidad&rdquo;, vuelve a ponerse en pr\u00e1ctica como en a\u00f1os anteriores a trav\u00e9s de la Direcci\u00f3n de Integraci\u00f3n con la comunidad del San Francisco FC de la Chorrera. <\/p>\n<p> El mismo tiene como finalidad relacionar al club con la comunidad, haciendo trabajos sociales como visitar escuelas y hospitales de nuestra provincia y actividades diversas con los fan\u00e1ticos. Tambi\u00e9n ser\u00e1 un enlace con los fan\u00e1ticos para escuchar solicitudes que puedan ser de beneficio para el club.  <\/p>\n<p> El programa ser\u00e1 dirigido por los colaboradores y socios del club que son residentes del distrito de La Chorrera.  <\/p>\n<p> A trav\u00e9s de nuestros medios oficiales ser\u00e1n anunciadas estas actividades que se realizar\u00e1n, en donde nuestros fan\u00e1ticos tambi\u00e9n podr\u00e1n unirse a esta causa en beneficio de nuestra comunidad.  <\/p>\n","protected":false},"excerpt":{"rendered":"<p>El plan &ldquo;SanFra en la Comunidad&rdquo;, vuelve a ponerse en <a href=\"https:\/\/sertv.gob.pa\/nacionalfm\/el-san-francisco-vuelve-con-plan-sanfran-en-la-comunidad\/\"> [&#8230;]<\/a><\/p>\n","protected":false},"author":1,"featured_media":13877,"comment_status":"closed","ping_status":"closed","sticky":false,"template":"","format":"standard","meta":{"footnotes":""},"categories":[4],"tags":[],"class_list":["post-13876","post","type-post","status-publish","format-standard","has-post-thumbnail","hentry","category-deportes"],"_links":{"self":[{"href":"https:\/\/sertv.gob.pa\/nacionalfm\/wp-json\/wp\/v2\/posts\/13876","targetHints":{"allow":["GET"]}}],"collection":[{"href":"https:\/\/sertv.gob.pa\/nacionalfm\/wp-json\/wp\/v2\/posts"}],"about":[{"href":"https:\/\/sertv.gob.pa\/nacionalfm\/wp-json\/wp\/v2\/types\/post"}],"author":[{"embeddable":true,"href":"https:\/\/sertv.gob.pa\/nacionalfm\/wp-json\/wp\/v2\/users\/1"}],"replies":[{"embeddable":true,"href":"https:\/\/sertv.gob.pa\/nacionalfm\/wp-json\/wp\/v2\/comments?post=13876"}],"version-history":[{"count":0,"href":"https:\/\/sertv.gob.pa\/nacionalfm\/wp-json\/wp\/v2\/posts\/13876\/revisions"}],"wp:featuredmedia":[{"embeddable":true,"href":"https:\/\/sertv.gob.pa\/nacionalfm\/wp-json\/wp\/v2\/media\/13877"}],"wp:attachment":[{"href":"https:\/\/sertv.gob.pa\/nacionalfm\/wp-json\/wp\/v2\/media?parent=13876"}],"wp:term":[{"taxonomy":"category","embeddable":true,"href":"https:\/\/sertv.gob.pa\/nacionalfm\/wp-json\/wp\/v2\/categories?post=13876"},{"taxonomy":"post_tag","embeddable":true,"href":"https:\/\/sertv.gob.pa\/nacionalfm\/wp-json\/wp\/v2\/tags?post=13876"}],"curies":[{"name":"wp","href":"https:\/\/api.w.org\/{rel}","templated":true}]}}