{"id":13888,"date":"2016-06-28T15:27:08","date_gmt":"2016-06-28T15:27:08","guid":{"rendered":""},"modified":"2016-06-28T15:27:08","modified_gmt":"2016-06-28T15:27:08","slug":"unas-77-mil-vacunas-contra-la-influenza-se-aplicaron-en-herrera","status":"publish","type":"post","link":"https:\/\/sertv.gob.pa\/nacionalfm\/unas-77-mil-vacunas-contra-la-influenza-se-aplicaron-en-herrera\/","title":{"rendered":"Unas 77 mil vacunas contra la influenza  se aplicaron en Herrera"},"content":{"rendered":"<p>\nHilario Correa, director regional de Salud en la provincia de Herrera, dio a conocer que un total de 77 mil 176 vacunas contra la influenza han sido aplicadas en los siete distritos de esa provincia. <\/p>\n<p>Correa\u00a0 dijo que la mayor\u00eda de esas vacunas fueron aplicadas durante los meses de mayo y junio en la provincia de Herrera. <\/p>\n<p>A\u00f1adi\u00f3 que el proceso de vacunaci\u00f3n contin\u00faa con normalidad en las instalaciones del Ministerio de Salud y en su horario regular. <\/p>\n<p>Sin embargo, se\u00f1al\u00f3 que se ha ampliado el horario de atenci\u00f3n en el centro de salud de Chitr\u00e9 hasta las 6:00 p.m. de lunes a viernes, con el fin de atender los casos de resfriados y problemas respiratorios. <\/p>\n<p>El Ministerio de Salud reiter\u00f3 a la poblaci\u00f3n que los signos y s\u00edntomas de la influenza son fiebre alta, dolor de garganta y secreci\u00f3n nasal. <\/p>\n<p>Las complicaciones por el virus A (H1N1) son neumon\u00edas, bronconeumon\u00edas, sinusitis y otitis media. <\/p>\n<p>\u00a0 <\/p>\n","protected":false},"excerpt":{"rendered":"<p>Hilario Correa, director regional de Salud en la provincia de <a href=\"https:\/\/sertv.gob.pa\/nacionalfm\/unas-77-mil-vacunas-contra-la-influenza-se-aplicaron-en-herrera\/\"> [&#8230;]<\/a><\/p>\n","protected":false},"author":1,"featured_media":13889,"comment_status":"closed","ping_status":"closed","sticky":false,"template":"","format":"standard","meta":{"footnotes":""},"categories":[5],"tags":[],"class_list":["post-13888","post","type-post","status-publish","format-standard","has-post-thumbnail","hentry","category-salud"],"_links":{"self":[{"href":"https:\/\/sertv.gob.pa\/nacionalfm\/wp-json\/wp\/v2\/posts\/13888","targetHints":{"allow":["GET"]}}],"collection":[{"href":"https:\/\/sertv.gob.pa\/nacionalfm\/wp-json\/wp\/v2\/posts"}],"about":[{"href":"https:\/\/sertv.gob.pa\/nacionalfm\/wp-json\/wp\/v2\/types\/post"}],"author":[{"embeddable":true,"href":"https:\/\/sertv.gob.pa\/nacionalfm\/wp-json\/wp\/v2\/users\/1"}],"replies":[{"embeddable":true,"href":"https:\/\/sertv.gob.pa\/nacionalfm\/wp-json\/wp\/v2\/comments?post=13888"}],"version-history":[{"count":0,"href":"https:\/\/sertv.gob.pa\/nacionalfm\/wp-json\/wp\/v2\/posts\/13888\/revisions"}],"wp:featuredmedia":[{"embeddable":true,"href":"https:\/\/sertv.gob.pa\/nacionalfm\/wp-json\/wp\/v2\/media\/13889"}],"wp:attachment":[{"href":"https:\/\/sertv.gob.pa\/nacionalfm\/wp-json\/wp\/v2\/media?parent=13888"}],"wp:term":[{"taxonomy":"category","embeddable":true,"href":"https:\/\/sertv.gob.pa\/nacionalfm\/wp-json\/wp\/v2\/categories?post=13888"},{"taxonomy":"post_tag","embeddable":true,"href":"https:\/\/sertv.gob.pa\/nacionalfm\/wp-json\/wp\/v2\/tags?post=13888"}],"curies":[{"name":"wp","href":"https:\/\/api.w.org\/{rel}","templated":true}]}}