{"id":13896,"date":"2016-06-28T16:07:00","date_gmt":"2016-06-28T16:07:00","guid":{"rendered":""},"modified":"2016-06-28T16:07:00","modified_gmt":"2016-06-28T16:07:00","slug":"vacunas-contra-el-zika-ya-funcionan-en-pruebas-con-ratones","status":"publish","type":"post","link":"https:\/\/sertv.gob.pa\/nacionalfm\/vacunas-contra-el-zika-ya-funcionan-en-pruebas-con-ratones\/","title":{"rendered":"Vacunas contra el zika ya funcionan en pruebas con ratones"},"content":{"rendered":"<p>\nDos vacunas resultaron eficaces contra el  virus del zika  en ratones de laboratorio, anunciaron hoy martes investigadores, que las consideran como un paso hacia el desarrollo de una inmunizaci\u00f3n para los humanos. <\/p>\n<p>\u00abEs una etapa hacia el desarrollo de una vacuna\u00bb, expres\u00f3 Dan Barouch, de la Universidad Harvard de Estados Unidos, que encabez\u00f3 el estudio publicado por la revista &#8216;Nature&#8217;. <\/p>\n<p>El zika desat\u00f3 una ola de preocupaci\u00f3n internacional al comprobarse su vinculaci\u00f3n con casos de microcefalia, una malformaci\u00f3n grave e irreversible en beb\u00e9s nacidos de madres contagiadas con el mal. <\/p>\n<p>El \u00faltimo brote de este virus, que es transmitido por el mosquito  &#8216;Aedes aegypti&#8217; , apareci\u00f3 en Am\u00e9rica Latina en 2015 y se extendi\u00f3 r\u00e1pidamente por la regi\u00f3n. El pa\u00eds m\u00e1s afectado es Brasil, con cerca de 1.5 millones de infectados y casi mil\u00a0300 casos de microcefalia. <\/p>\n<p>Aunque preconizan prudencia a la hora de extrapolar resultados obtenidos en los animales a una eventual eficacia en los humanos, la investigaci\u00f3n \u00abdespierta esperanzas de que una vacuna segura y eficaz sea posible\u00bb, se\u00f1ala el informe. <\/p>\n<p>\u00a0 <\/p>\n","protected":false},"excerpt":{"rendered":"<p>Dos vacunas resultaron eficaces contra el virus del zika en <a href=\"https:\/\/sertv.gob.pa\/nacionalfm\/vacunas-contra-el-zika-ya-funcionan-en-pruebas-con-ratones\/\"> [&#8230;]<\/a><\/p>\n","protected":false},"author":1,"featured_media":13897,"comment_status":"closed","ping_status":"closed","sticky":false,"template":"","format":"standard","meta":{"footnotes":""},"categories":[5],"tags":[],"class_list":["post-13896","post","type-post","status-publish","format-standard","has-post-thumbnail","hentry","category-salud"],"_links":{"self":[{"href":"https:\/\/sertv.gob.pa\/nacionalfm\/wp-json\/wp\/v2\/posts\/13896","targetHints":{"allow":["GET"]}}],"collection":[{"href":"https:\/\/sertv.gob.pa\/nacionalfm\/wp-json\/wp\/v2\/posts"}],"about":[{"href":"https:\/\/sertv.gob.pa\/nacionalfm\/wp-json\/wp\/v2\/types\/post"}],"author":[{"embeddable":true,"href":"https:\/\/sertv.gob.pa\/nacionalfm\/wp-json\/wp\/v2\/users\/1"}],"replies":[{"embeddable":true,"href":"https:\/\/sertv.gob.pa\/nacionalfm\/wp-json\/wp\/v2\/comments?post=13896"}],"version-history":[{"count":0,"href":"https:\/\/sertv.gob.pa\/nacionalfm\/wp-json\/wp\/v2\/posts\/13896\/revisions"}],"wp:featuredmedia":[{"embeddable":true,"href":"https:\/\/sertv.gob.pa\/nacionalfm\/wp-json\/wp\/v2\/media\/13897"}],"wp:attachment":[{"href":"https:\/\/sertv.gob.pa\/nacionalfm\/wp-json\/wp\/v2\/media?parent=13896"}],"wp:term":[{"taxonomy":"category","embeddable":true,"href":"https:\/\/sertv.gob.pa\/nacionalfm\/wp-json\/wp\/v2\/categories?post=13896"},{"taxonomy":"post_tag","embeddable":true,"href":"https:\/\/sertv.gob.pa\/nacionalfm\/wp-json\/wp\/v2\/tags?post=13896"}],"curies":[{"name":"wp","href":"https:\/\/api.w.org\/{rel}","templated":true}]}}