{"id":13904,"date":"2016-06-28T20:28:50","date_gmt":"2016-06-28T20:28:50","guid":{"rendered":""},"modified":"2016-06-28T20:28:50","modified_gmt":"2016-06-28T20:28:50","slug":"realizan-liga-de-baloncesto-intercolegial-de-exalumnos-35","status":"publish","type":"post","link":"https:\/\/sertv.gob.pa\/nacionalfm\/realizan-liga-de-baloncesto-intercolegial-de-exalumnos-35\/","title":{"rendered":"Realizan Liga de Baloncesto Intercolegial de Exalumnos +35"},"content":{"rendered":"<p>\nLa Liga de Baloncesto Intercolegial de Exalumnos +35, inicia este martes 5 de julio, con la participaci\u00f3n de 10 equipos, en las canchas de Grill 50 los d\u00edas martes y mi\u00e9rcoles desde las 6:30 de la tarde. <\/p>\n<p>Exalumnos mayores de 35 a\u00f1os del Instituto Panamericano (IPA), La Salle, Javier A y B, Instituto Justo Arosemena (IJA) A y B, San Agust\u00edn, Comercial Panam\u00e1, Richard Newman y Ferm\u00edn Naudeau disputar\u00e1n este torneo que cuenta con el apoyo del Instituto Paname\u00f1o de Deportes (PANDEPORTES) y el aval de la Federaci\u00f3n Paname\u00f1a de Baloncesto (FEPABA). <\/p>\n<p>\u00a0 <\/p>\n","protected":false},"excerpt":{"rendered":"<p>La Liga de Baloncesto Intercolegial de Exalumnos +35, inicia este <a href=\"https:\/\/sertv.gob.pa\/nacionalfm\/realizan-liga-de-baloncesto-intercolegial-de-exalumnos-35\/\"> [&#8230;]<\/a><\/p>\n","protected":false},"author":1,"featured_media":13905,"comment_status":"closed","ping_status":"closed","sticky":false,"template":"","format":"standard","meta":{"footnotes":""},"categories":[4],"tags":[],"class_list":["post-13904","post","type-post","status-publish","format-standard","has-post-thumbnail","hentry","category-deportes"],"_links":{"self":[{"href":"https:\/\/sertv.gob.pa\/nacionalfm\/wp-json\/wp\/v2\/posts\/13904","targetHints":{"allow":["GET"]}}],"collection":[{"href":"https:\/\/sertv.gob.pa\/nacionalfm\/wp-json\/wp\/v2\/posts"}],"about":[{"href":"https:\/\/sertv.gob.pa\/nacionalfm\/wp-json\/wp\/v2\/types\/post"}],"author":[{"embeddable":true,"href":"https:\/\/sertv.gob.pa\/nacionalfm\/wp-json\/wp\/v2\/users\/1"}],"replies":[{"embeddable":true,"href":"https:\/\/sertv.gob.pa\/nacionalfm\/wp-json\/wp\/v2\/comments?post=13904"}],"version-history":[{"count":0,"href":"https:\/\/sertv.gob.pa\/nacionalfm\/wp-json\/wp\/v2\/posts\/13904\/revisions"}],"wp:featuredmedia":[{"embeddable":true,"href":"https:\/\/sertv.gob.pa\/nacionalfm\/wp-json\/wp\/v2\/media\/13905"}],"wp:attachment":[{"href":"https:\/\/sertv.gob.pa\/nacionalfm\/wp-json\/wp\/v2\/media?parent=13904"}],"wp:term":[{"taxonomy":"category","embeddable":true,"href":"https:\/\/sertv.gob.pa\/nacionalfm\/wp-json\/wp\/v2\/categories?post=13904"},{"taxonomy":"post_tag","embeddable":true,"href":"https:\/\/sertv.gob.pa\/nacionalfm\/wp-json\/wp\/v2\/tags?post=13904"}],"curies":[{"name":"wp","href":"https:\/\/api.w.org\/{rel}","templated":true}]}}