{"id":13906,"date":"2016-06-28T21:07:03","date_gmt":"2016-06-28T21:07:03","guid":{"rendered":""},"modified":"2016-06-28T21:07:03","modified_gmt":"2016-06-28T21:07:03","slug":"bujia-zapata-visita-pandeportes","status":"publish","type":"post","link":"https:\/\/sertv.gob.pa\/nacionalfm\/bujia-zapata-visita-pandeportes\/","title":{"rendered":"\u201cBuj\u00eda\u201d Zapata visita PANDEPORTES"},"content":{"rendered":"<p>\nEl ex campe\u00f3n mundial Hilario &ldquo;Buj\u00eda&rdquo; Zapata realiz\u00f3 visita de cortes\u00eda al director del Instituto Paname\u00f1o de Deportes, Roberto &ldquo;Bob&rdquo; Arango, para agradecerle el respaldo brindado por la instituci\u00f3n en su reciente inducci\u00f3n al Sal\u00f3n de la Fama del Boxeo, en Canastota, New York, Estados Unidos. <\/p>\n<p>Zapata aprovech\u00f3 el momento para mostrarle al director Arango, el anillo que lo inmortaliza en el boxeo, y reiter\u00f3 el compromiso de respaldar los programas de PANDEPORTES, especialmente en la motivaci\u00f3n de los atletas. <\/p>\n","protected":false},"excerpt":{"rendered":"<p>El ex campe\u00f3n mundial Hilario &ldquo;Buj\u00eda&rdquo; Zapata realiz\u00f3 visita de <a href=\"https:\/\/sertv.gob.pa\/nacionalfm\/bujia-zapata-visita-pandeportes\/\"> [&#8230;]<\/a><\/p>\n","protected":false},"author":1,"featured_media":13907,"comment_status":"closed","ping_status":"closed","sticky":false,"template":"","format":"standard","meta":{"footnotes":""},"categories":[4],"tags":[],"class_list":["post-13906","post","type-post","status-publish","format-standard","has-post-thumbnail","hentry","category-deportes"],"_links":{"self":[{"href":"https:\/\/sertv.gob.pa\/nacionalfm\/wp-json\/wp\/v2\/posts\/13906","targetHints":{"allow":["GET"]}}],"collection":[{"href":"https:\/\/sertv.gob.pa\/nacionalfm\/wp-json\/wp\/v2\/posts"}],"about":[{"href":"https:\/\/sertv.gob.pa\/nacionalfm\/wp-json\/wp\/v2\/types\/post"}],"author":[{"embeddable":true,"href":"https:\/\/sertv.gob.pa\/nacionalfm\/wp-json\/wp\/v2\/users\/1"}],"replies":[{"embeddable":true,"href":"https:\/\/sertv.gob.pa\/nacionalfm\/wp-json\/wp\/v2\/comments?post=13906"}],"version-history":[{"count":0,"href":"https:\/\/sertv.gob.pa\/nacionalfm\/wp-json\/wp\/v2\/posts\/13906\/revisions"}],"wp:featuredmedia":[{"embeddable":true,"href":"https:\/\/sertv.gob.pa\/nacionalfm\/wp-json\/wp\/v2\/media\/13907"}],"wp:attachment":[{"href":"https:\/\/sertv.gob.pa\/nacionalfm\/wp-json\/wp\/v2\/media?parent=13906"}],"wp:term":[{"taxonomy":"category","embeddable":true,"href":"https:\/\/sertv.gob.pa\/nacionalfm\/wp-json\/wp\/v2\/categories?post=13906"},{"taxonomy":"post_tag","embeddable":true,"href":"https:\/\/sertv.gob.pa\/nacionalfm\/wp-json\/wp\/v2\/tags?post=13906"}],"curies":[{"name":"wp","href":"https:\/\/api.w.org\/{rel}","templated":true}]}}