{"id":13914,"date":"2016-06-29T15:13:52","date_gmt":"2016-06-29T15:13:52","guid":{"rendered":""},"modified":"2016-06-29T15:13:52","modified_gmt":"2016-06-29T15:13:52","slug":"a-37-ascienden-los-decesos-por-la-gripe-a-h1n1","status":"publish","type":"post","link":"https:\/\/sertv.gob.pa\/nacionalfm\/a-37-ascienden-los-decesos-por-la-gripe-a-h1n1\/","title":{"rendered":"A 37 ascienden los decesos por la gripe A (H1N1)"},"content":{"rendered":"<p>\nAyer martes, 28 de junio de 2016, el Ministerio de Salud (Minsa) inform\u00f3 que un total de  37 personas han fallecido  por el brote de influenza A(H1N1) que afecta al pa\u00eds. Esto, tras confirmarse 6 casos que se hallaban en estudio. <\/p>\n<p>El total de casos acumulados de infecci\u00f3n respiratoria aguda grave que han requerido hospitalizaci\u00f3n es de mil 855, de los cuales mil 451 pacientes fueron dados de alta.  Hasta el momento permanecen hospitalizados 404 pacientes . <\/p>\n<p>Desde el 22 de abril a la fecha se han aplicado un mill\u00f3n 500 mil 912 dosis de vacunas contra la influenza, expres\u00f3 el vocero de la comisi\u00f3n, N\u00e9stor Sosa, en conferencia de prensa. <\/p>\n<p>El funcionario agreg\u00f3 que en las instalaciones de la  Caja de Seguro Social  y del  Ministerio de Salud  se seguir\u00e1n aplicando las vacunas, de lunes a viernes, a trav\u00e9s de cupos. Se le dar\u00e1 prioridad a la poblaci\u00f3n vulnerable: ni\u00f1os menores de cinco a\u00f1os, adultos mayores de 60 a\u00f1os, embarazadas y pacientes con enfermedades cr\u00f3nicas. <\/p>\n<p>\u00a0 <\/p>\n","protected":false},"excerpt":{"rendered":"<p>Ayer martes, 28 de junio de 2016, el Ministerio de <a href=\"https:\/\/sertv.gob.pa\/nacionalfm\/a-37-ascienden-los-decesos-por-la-gripe-a-h1n1\/\"> [&#8230;]<\/a><\/p>\n","protected":false},"author":1,"featured_media":13915,"comment_status":"closed","ping_status":"closed","sticky":false,"template":"","format":"standard","meta":{"footnotes":""},"categories":[5],"tags":[],"class_list":["post-13914","post","type-post","status-publish","format-standard","has-post-thumbnail","hentry","category-salud"],"_links":{"self":[{"href":"https:\/\/sertv.gob.pa\/nacionalfm\/wp-json\/wp\/v2\/posts\/13914","targetHints":{"allow":["GET"]}}],"collection":[{"href":"https:\/\/sertv.gob.pa\/nacionalfm\/wp-json\/wp\/v2\/posts"}],"about":[{"href":"https:\/\/sertv.gob.pa\/nacionalfm\/wp-json\/wp\/v2\/types\/post"}],"author":[{"embeddable":true,"href":"https:\/\/sertv.gob.pa\/nacionalfm\/wp-json\/wp\/v2\/users\/1"}],"replies":[{"embeddable":true,"href":"https:\/\/sertv.gob.pa\/nacionalfm\/wp-json\/wp\/v2\/comments?post=13914"}],"version-history":[{"count":0,"href":"https:\/\/sertv.gob.pa\/nacionalfm\/wp-json\/wp\/v2\/posts\/13914\/revisions"}],"wp:featuredmedia":[{"embeddable":true,"href":"https:\/\/sertv.gob.pa\/nacionalfm\/wp-json\/wp\/v2\/media\/13915"}],"wp:attachment":[{"href":"https:\/\/sertv.gob.pa\/nacionalfm\/wp-json\/wp\/v2\/media?parent=13914"}],"wp:term":[{"taxonomy":"category","embeddable":true,"href":"https:\/\/sertv.gob.pa\/nacionalfm\/wp-json\/wp\/v2\/categories?post=13914"},{"taxonomy":"post_tag","embeddable":true,"href":"https:\/\/sertv.gob.pa\/nacionalfm\/wp-json\/wp\/v2\/tags?post=13914"}],"curies":[{"name":"wp","href":"https:\/\/api.w.org\/{rel}","templated":true}]}}