{"id":13922,"date":"2016-06-29T16:22:13","date_gmt":"2016-06-29T16:22:13","guid":{"rendered":""},"modified":"2016-06-29T16:22:13","modified_gmt":"2016-06-29T16:22:13","slug":"pandeportes-devela-placas-dedicadas-a-lloyd-la-beach","status":"publish","type":"post","link":"https:\/\/sertv.gob.pa\/nacionalfm\/pandeportes-devela-placas-dedicadas-a-lloyd-la-beach\/","title":{"rendered":"PANDEPORTES devela placas dedicadas a Lloyd La Beach"},"content":{"rendered":"<p>\nEl Instituto Paname\u00f1o de Deportes \u00a0devel\u00f3 este martes dos placas dedicadas a Lloyd LaBeach atleta paname\u00f1o nacido un 28 de junio, fecha en la que se conmemora el D\u00eda del Deportista Paname\u00f1o. <\/p>\n<p>El estadio Rommel Fern\u00e1ndez y la Arena Roberto Dur\u00e1n fueron los escenarios deportivos en la que se realizaron los actos de develaci\u00f3n que cont\u00f3 con la presencia de Roberto Arango, director general del Instituto Paname\u00f1o de Deportes, el subdirector Rolando Gonz\u00e1lez el presidente de la Federaci\u00f3n Paname\u00f1a de baloncesto (FEPABA) Jair Peralta, la ex atleta Margarita Gonz\u00e1lez y Rita Arcia, administradora del Estadio Rommel Fern\u00e1ndez. <\/p>\n<p>La ley 49 del 15 de julio del 2008, designa al 28 de junio de cada a\u00f1o, el D\u00eda del Deportista Paname\u00f1o en honor al natalicio de Lloyd LaBeach destacado atleta paname\u00f1o ganador de dos medallas de bronce en 100 y 200 metros en las olimpiadas de Londres de 1948. <\/p>\n<p>\u00a0 <\/p>\n","protected":false},"excerpt":{"rendered":"<p>El Instituto Paname\u00f1o de Deportes \u00a0devel\u00f3 este martes dos placas <a href=\"https:\/\/sertv.gob.pa\/nacionalfm\/pandeportes-devela-placas-dedicadas-a-lloyd-la-beach\/\"> [&#8230;]<\/a><\/p>\n","protected":false},"author":1,"featured_media":13923,"comment_status":"closed","ping_status":"closed","sticky":false,"template":"","format":"standard","meta":{"footnotes":""},"categories":[4],"tags":[],"class_list":["post-13922","post","type-post","status-publish","format-standard","has-post-thumbnail","hentry","category-deportes"],"_links":{"self":[{"href":"https:\/\/sertv.gob.pa\/nacionalfm\/wp-json\/wp\/v2\/posts\/13922","targetHints":{"allow":["GET"]}}],"collection":[{"href":"https:\/\/sertv.gob.pa\/nacionalfm\/wp-json\/wp\/v2\/posts"}],"about":[{"href":"https:\/\/sertv.gob.pa\/nacionalfm\/wp-json\/wp\/v2\/types\/post"}],"author":[{"embeddable":true,"href":"https:\/\/sertv.gob.pa\/nacionalfm\/wp-json\/wp\/v2\/users\/1"}],"replies":[{"embeddable":true,"href":"https:\/\/sertv.gob.pa\/nacionalfm\/wp-json\/wp\/v2\/comments?post=13922"}],"version-history":[{"count":0,"href":"https:\/\/sertv.gob.pa\/nacionalfm\/wp-json\/wp\/v2\/posts\/13922\/revisions"}],"wp:featuredmedia":[{"embeddable":true,"href":"https:\/\/sertv.gob.pa\/nacionalfm\/wp-json\/wp\/v2\/media\/13923"}],"wp:attachment":[{"href":"https:\/\/sertv.gob.pa\/nacionalfm\/wp-json\/wp\/v2\/media?parent=13922"}],"wp:term":[{"taxonomy":"category","embeddable":true,"href":"https:\/\/sertv.gob.pa\/nacionalfm\/wp-json\/wp\/v2\/categories?post=13922"},{"taxonomy":"post_tag","embeddable":true,"href":"https:\/\/sertv.gob.pa\/nacionalfm\/wp-json\/wp\/v2\/tags?post=13922"}],"curies":[{"name":"wp","href":"https:\/\/api.w.org\/{rel}","templated":true}]}}