{"id":13940,"date":"2016-06-29T21:47:40","date_gmt":"2016-06-29T21:47:40","guid":{"rendered":""},"modified":"2016-06-29T21:47:40","modified_gmt":"2016-06-29T21:47:40","slug":"odecabe-se-reune-en-panama-y-se-rinden-informes","status":"publish","type":"post","link":"https:\/\/sertv.gob.pa\/nacionalfm\/odecabe-se-reune-en-panama-y-se-rinden-informes\/","title":{"rendered":"ODECABE se re\u00fane en Panam\u00e1 y se rinden informes"},"content":{"rendered":"<p>\nEn reuni\u00f3n extraordinaria este martes en Panam\u00e1, del Comit\u00e9 Ejecutivo de la Organizaci\u00f3n Deportiva Centroamericana y del Caribe (ODECABE), se determin\u00f3 que la Asamblea General de ODECABE para aprobar la solicitud de Panam\u00e1 para se sede de los Juegos Centroamericanos y del Caribe 2022, ser\u00e1 en Barranquilla, Colombia, del 1 al 4 de febrero 2017. <\/p>\n<p>Adem\u00e1s, se recibi\u00f3 informes del Comit\u00e9 Organizador de los Juegos Centroamericanos y del Caribe, Barranquilla 2018,<br \/>\nsobre los avances en la organizaci\u00f3n del evento. <\/p>\n<p>Camilo Amado, presidente del Comit\u00e9 Ol\u00edmpico de Panam\u00e1 (COP) y, tesorero de ODECABE, se\u00f1al\u00f3 que, la reuni\u00f3n se llev\u00f3 a cabo de \u00abla mejor manera\u00bb. <\/p>\n<p>H\u00e9ctor Cardona, de Puerto Rico y, presidente de ODECABE, declar\u00f3 que, el informe de Barranquilla \u00abfue bueno\u00bb y que \u00abse adelant\u00f3 en cosas importantes como el presupuesto de los juegos y en la celebraci\u00f3n de un torneo 3 por 3\u00bb, de la Federaci\u00f3n Internacional de Boxeo (FIBRA). <\/p>\n","protected":false},"excerpt":{"rendered":"<p>En reuni\u00f3n extraordinaria este martes en Panam\u00e1, del Comit\u00e9 Ejecutivo <a href=\"https:\/\/sertv.gob.pa\/nacionalfm\/odecabe-se-reune-en-panama-y-se-rinden-informes\/\"> [&#8230;]<\/a><\/p>\n","protected":false},"author":1,"featured_media":13941,"comment_status":"closed","ping_status":"closed","sticky":false,"template":"","format":"standard","meta":{"footnotes":""},"categories":[4],"tags":[],"class_list":["post-13940","post","type-post","status-publish","format-standard","has-post-thumbnail","hentry","category-deportes"],"_links":{"self":[{"href":"https:\/\/sertv.gob.pa\/nacionalfm\/wp-json\/wp\/v2\/posts\/13940","targetHints":{"allow":["GET"]}}],"collection":[{"href":"https:\/\/sertv.gob.pa\/nacionalfm\/wp-json\/wp\/v2\/posts"}],"about":[{"href":"https:\/\/sertv.gob.pa\/nacionalfm\/wp-json\/wp\/v2\/types\/post"}],"author":[{"embeddable":true,"href":"https:\/\/sertv.gob.pa\/nacionalfm\/wp-json\/wp\/v2\/users\/1"}],"replies":[{"embeddable":true,"href":"https:\/\/sertv.gob.pa\/nacionalfm\/wp-json\/wp\/v2\/comments?post=13940"}],"version-history":[{"count":0,"href":"https:\/\/sertv.gob.pa\/nacionalfm\/wp-json\/wp\/v2\/posts\/13940\/revisions"}],"wp:featuredmedia":[{"embeddable":true,"href":"https:\/\/sertv.gob.pa\/nacionalfm\/wp-json\/wp\/v2\/media\/13941"}],"wp:attachment":[{"href":"https:\/\/sertv.gob.pa\/nacionalfm\/wp-json\/wp\/v2\/media?parent=13940"}],"wp:term":[{"taxonomy":"category","embeddable":true,"href":"https:\/\/sertv.gob.pa\/nacionalfm\/wp-json\/wp\/v2\/categories?post=13940"},{"taxonomy":"post_tag","embeddable":true,"href":"https:\/\/sertv.gob.pa\/nacionalfm\/wp-json\/wp\/v2\/tags?post=13940"}],"curies":[{"name":"wp","href":"https:\/\/api.w.org\/{rel}","templated":true}]}}