{"id":13968,"date":"2016-06-30T18:41:44","date_gmt":"2016-06-30T18:41:44","guid":{"rendered":""},"modified":"2016-06-30T18:41:44","modified_gmt":"2016-06-30T18:41:44","slug":"el-zika-puede-provocar-malformaciones-sin-microcefalia","status":"publish","type":"post","link":"https:\/\/sertv.gob.pa\/nacionalfm\/el-zika-puede-provocar-malformaciones-sin-microcefalia\/","title":{"rendered":"El zika puede provocar malformaciones sin microcefalia"},"content":{"rendered":"<p>\nEn Brasil dos estudios de reci\u00e9n nacidos con zika, publicados por  &#8216;The Lancet&#8217;,  aportan nuevas respuestas sobre las patolog\u00edas que ocasiona el virus y preconizan nuevos m\u00e9todos de diagn\u00f3stico. <\/p>\n<p>En el primero, el v\u00ednculo entre virus y malformaciones cong\u00e9nitas queda mejor establecido. Y el segundo advierte que medir la circunferencia del cr\u00e1neo para detectar microcefalias puede ser insuficiente para diagnosticar los da\u00f1os del virus. <\/p>\n<p>La presencia del virus fue detectada en el tejido cerebral de un beb\u00e9 de dos meses fallecido en Brasil con microcefalia, en el de dos reci\u00e9n nacidos luego fallecidos y en la placenta de dos fetos que generaron un aborto espont\u00e1neo. <\/p>\n<p>Su ulterior estudio en Atlanta (sureste de Estados Unidos) demuestra que la infecci\u00f3n con virus del zika en el primer trimestre de embarazo puede provocar da\u00f1o a nivel de la placenta y del feto. <\/p>\n<p>El zika desat\u00f3 una ola de preocupaci\u00f3n internacional al comprobarse su vinculaci\u00f3n con casos de microcefalia, una malformaci\u00f3n grave e irreversible en beb\u00e9s nacidos de madres contagiadas con el mal. <\/p>\n<p>\u00a0 <\/p>\n","protected":false},"excerpt":{"rendered":"<p>En Brasil dos estudios de reci\u00e9n nacidos con zika, publicados <a href=\"https:\/\/sertv.gob.pa\/nacionalfm\/el-zika-puede-provocar-malformaciones-sin-microcefalia\/\"> [&#8230;]<\/a><\/p>\n","protected":false},"author":1,"featured_media":13969,"comment_status":"closed","ping_status":"closed","sticky":false,"template":"","format":"standard","meta":{"footnotes":""},"categories":[5],"tags":[],"class_list":["post-13968","post","type-post","status-publish","format-standard","has-post-thumbnail","hentry","category-salud"],"_links":{"self":[{"href":"https:\/\/sertv.gob.pa\/nacionalfm\/wp-json\/wp\/v2\/posts\/13968","targetHints":{"allow":["GET"]}}],"collection":[{"href":"https:\/\/sertv.gob.pa\/nacionalfm\/wp-json\/wp\/v2\/posts"}],"about":[{"href":"https:\/\/sertv.gob.pa\/nacionalfm\/wp-json\/wp\/v2\/types\/post"}],"author":[{"embeddable":true,"href":"https:\/\/sertv.gob.pa\/nacionalfm\/wp-json\/wp\/v2\/users\/1"}],"replies":[{"embeddable":true,"href":"https:\/\/sertv.gob.pa\/nacionalfm\/wp-json\/wp\/v2\/comments?post=13968"}],"version-history":[{"count":0,"href":"https:\/\/sertv.gob.pa\/nacionalfm\/wp-json\/wp\/v2\/posts\/13968\/revisions"}],"wp:featuredmedia":[{"embeddable":true,"href":"https:\/\/sertv.gob.pa\/nacionalfm\/wp-json\/wp\/v2\/media\/13969"}],"wp:attachment":[{"href":"https:\/\/sertv.gob.pa\/nacionalfm\/wp-json\/wp\/v2\/media?parent=13968"}],"wp:term":[{"taxonomy":"category","embeddable":true,"href":"https:\/\/sertv.gob.pa\/nacionalfm\/wp-json\/wp\/v2\/categories?post=13968"},{"taxonomy":"post_tag","embeddable":true,"href":"https:\/\/sertv.gob.pa\/nacionalfm\/wp-json\/wp\/v2\/tags?post=13968"}],"curies":[{"name":"wp","href":"https:\/\/api.w.org\/{rel}","templated":true}]}}