{"id":13978,"date":"2016-07-01T14:38:54","date_gmt":"2016-07-01T14:38:54","guid":{"rendered":""},"modified":"2016-07-01T14:38:54","modified_gmt":"2016-07-01T14:38:54","slug":"se-trabaja-en-construcciones-y-remodelaciones-en-coliseos-deportivos","status":"publish","type":"post","link":"https:\/\/sertv.gob.pa\/nacionalfm\/se-trabaja-en-construcciones-y-remodelaciones-en-coliseos-deportivos\/","title":{"rendered":"Se trabaja en construcciones y remodelaciones en coliseos deportivos"},"content":{"rendered":"<p>\nEl director del Instituto Paname\u00f1o de Deportes, Roberto Arango Chiari, en dos a\u00f1os de gesti\u00f3n del Excelent\u00edsimo Presidente de la Rap\u00fablica de Panam\u00e1 Juan Carlos Varela, ha entregado \u00d3rdenes de Proceder para la construcci\u00f3n de nuevos coliseos deportivos y remodelaci\u00f3n de estructuras existentes. <\/p>\n<p>Estadios como el Kenny Serrac\u00edn de Chiriqu\u00ed, Calvin Byron de Bocas del Toro, coliseo de f\u00fatbol en Pes\u00e9, Herrera, Roberto &ldquo;flaco bala&rdquo; Hern\u00e1ndez de Los Santos,\u00a0 Agust\u00edn &ldquo;Muquita&rdquo; S\u00e1nchez de Panam\u00e1 Oeste y Luis Ernesto &ldquo;Cascarita&rdquo; Tapia de Panam\u00e1, se encuentran en etapa de ejecuci\u00f3n. <\/p>\n<p>\u00a0 <\/p>\n","protected":false},"excerpt":{"rendered":"<p>El director del Instituto Paname\u00f1o de Deportes, Roberto Arango Chiari, <a href=\"https:\/\/sertv.gob.pa\/nacionalfm\/se-trabaja-en-construcciones-y-remodelaciones-en-coliseos-deportivos\/\"> [&#8230;]<\/a><\/p>\n","protected":false},"author":1,"featured_media":13979,"comment_status":"closed","ping_status":"closed","sticky":false,"template":"","format":"standard","meta":{"footnotes":""},"categories":[4],"tags":[],"class_list":["post-13978","post","type-post","status-publish","format-standard","has-post-thumbnail","hentry","category-deportes"],"_links":{"self":[{"href":"https:\/\/sertv.gob.pa\/nacionalfm\/wp-json\/wp\/v2\/posts\/13978","targetHints":{"allow":["GET"]}}],"collection":[{"href":"https:\/\/sertv.gob.pa\/nacionalfm\/wp-json\/wp\/v2\/posts"}],"about":[{"href":"https:\/\/sertv.gob.pa\/nacionalfm\/wp-json\/wp\/v2\/types\/post"}],"author":[{"embeddable":true,"href":"https:\/\/sertv.gob.pa\/nacionalfm\/wp-json\/wp\/v2\/users\/1"}],"replies":[{"embeddable":true,"href":"https:\/\/sertv.gob.pa\/nacionalfm\/wp-json\/wp\/v2\/comments?post=13978"}],"version-history":[{"count":0,"href":"https:\/\/sertv.gob.pa\/nacionalfm\/wp-json\/wp\/v2\/posts\/13978\/revisions"}],"wp:featuredmedia":[{"embeddable":true,"href":"https:\/\/sertv.gob.pa\/nacionalfm\/wp-json\/wp\/v2\/media\/13979"}],"wp:attachment":[{"href":"https:\/\/sertv.gob.pa\/nacionalfm\/wp-json\/wp\/v2\/media?parent=13978"}],"wp:term":[{"taxonomy":"category","embeddable":true,"href":"https:\/\/sertv.gob.pa\/nacionalfm\/wp-json\/wp\/v2\/categories?post=13978"},{"taxonomy":"post_tag","embeddable":true,"href":"https:\/\/sertv.gob.pa\/nacionalfm\/wp-json\/wp\/v2\/tags?post=13978"}],"curies":[{"name":"wp","href":"https:\/\/api.w.org\/{rel}","templated":true}]}}