{"id":13984,"date":"2016-07-01T16:44:17","date_gmt":"2016-07-01T16:44:17","guid":{"rendered":""},"modified":"2016-07-01T16:44:17","modified_gmt":"2016-07-01T16:44:17","slug":"amb-ordena-negociacion-de-pelea-corrales-sosa","status":"publish","type":"post","link":"https:\/\/sertv.gob.pa\/nacionalfm\/amb-ordena-negociacion-de-pelea-corrales-sosa\/","title":{"rendered":"AMB ordena negociaci\u00f3n de pelea Corrales-Sosa"},"content":{"rendered":"<p>\nEl Comit\u00e9 de Campeonatos Mundiales de la Asociaci\u00f3n Mundial de Boxeo (AMB) orden\u00f3 el inicio de las negociaciones entre el paname\u00f1o Jezreel Corrales (20-1, 8KO) supercampe\u00f3n de los superpluma y el estadounidense Jason Sosa (19-1-4, 15KO) campe\u00f3n regular de las 130 libras. <\/p>\n<p>Los equipos de trabajo de Corrales y Sosa fueron debidamente informados por el Comit\u00e9 de Campeonatos de la AMB que tienen 30 d\u00edas para llegar a un acuerdo o el careo ser\u00e1 llevado a subastaste. <\/p>\n<p>La apoderada de Jezrrel Corrales manifest\u00f3 en visita al programa &ldquo;Campanazo Inicial de Nacional FM y Sertv, que la noticia no le sorprend\u00eda ya que con antelaci\u00f3n hab\u00edan sido advertidos, cuanto al supercampe\u00f3n Jezrrel &ldquo;El Invisible&rdquo; Corrales manifest\u00f3 que la derrota de Javier &ldquo;El Abej\u00f3n&rdquo; Fortuna ante el norteamericano Jason Sosa es el mejor ejemplo de que no hay enemigo peque\u00f1o dentro del ring. <\/p>\n<p>Por lo tanto el campe\u00f3n paname\u00f1o contin\u00faa sus entrenamientos porque sabe que lo que viene no es f\u00e1cil. <\/p>\n","protected":false},"excerpt":{"rendered":"<p>El Comit\u00e9 de Campeonatos Mundiales de la Asociaci\u00f3n Mundial de <a href=\"https:\/\/sertv.gob.pa\/nacionalfm\/amb-ordena-negociacion-de-pelea-corrales-sosa\/\"> [&#8230;]<\/a><\/p>\n","protected":false},"author":1,"featured_media":13985,"comment_status":"closed","ping_status":"closed","sticky":false,"template":"","format":"standard","meta":{"footnotes":""},"categories":[4],"tags":[],"class_list":["post-13984","post","type-post","status-publish","format-standard","has-post-thumbnail","hentry","category-deportes"],"_links":{"self":[{"href":"https:\/\/sertv.gob.pa\/nacionalfm\/wp-json\/wp\/v2\/posts\/13984","targetHints":{"allow":["GET"]}}],"collection":[{"href":"https:\/\/sertv.gob.pa\/nacionalfm\/wp-json\/wp\/v2\/posts"}],"about":[{"href":"https:\/\/sertv.gob.pa\/nacionalfm\/wp-json\/wp\/v2\/types\/post"}],"author":[{"embeddable":true,"href":"https:\/\/sertv.gob.pa\/nacionalfm\/wp-json\/wp\/v2\/users\/1"}],"replies":[{"embeddable":true,"href":"https:\/\/sertv.gob.pa\/nacionalfm\/wp-json\/wp\/v2\/comments?post=13984"}],"version-history":[{"count":0,"href":"https:\/\/sertv.gob.pa\/nacionalfm\/wp-json\/wp\/v2\/posts\/13984\/revisions"}],"wp:featuredmedia":[{"embeddable":true,"href":"https:\/\/sertv.gob.pa\/nacionalfm\/wp-json\/wp\/v2\/media\/13985"}],"wp:attachment":[{"href":"https:\/\/sertv.gob.pa\/nacionalfm\/wp-json\/wp\/v2\/media?parent=13984"}],"wp:term":[{"taxonomy":"category","embeddable":true,"href":"https:\/\/sertv.gob.pa\/nacionalfm\/wp-json\/wp\/v2\/categories?post=13984"},{"taxonomy":"post_tag","embeddable":true,"href":"https:\/\/sertv.gob.pa\/nacionalfm\/wp-json\/wp\/v2\/tags?post=13984"}],"curies":[{"name":"wp","href":"https:\/\/api.w.org\/{rel}","templated":true}]}}