{"id":13992,"date":"2016-07-01T17:17:46","date_gmt":"2016-07-01T17:17:46","guid":{"rendered":""},"modified":"2016-07-01T17:17:46","modified_gmt":"2016-07-01T17:17:46","slug":"la-diarrea-viral","status":"publish","type":"post","link":"https:\/\/sertv.gob.pa\/nacionalfm\/la-diarrea-viral\/","title":{"rendered":"La diarrea viral"},"content":{"rendered":"<p>\nLos casos de diarreas suelen aparecer durante todo el a\u00f1o. No obstante, por estas fechas se da un incremento de esta enfermedad y las personas, err\u00f3neamente, lo atribuyen a las lluvias. <\/p>\n<p>Lo cierto es que tiene m\u00e1s que ver con la aglomeraci\u00f3n de personas en un mismo recinto, especialmente la escuela, manifiesta el ped\u00edatra Alcibiades Batista, jefe de la Divisi\u00f3n de Docencia e Investigaci\u00f3n del Hospital Materno Infantil Jos\u00e9 Domingo De Obald\u00eda. <\/p>\n<p>La diarrea viral es transmitida por el rotavirus y norovirus, que son altamente contagiosos, se\u00f1ala el especialista. <\/p>\n<p>Desde 2006, en Panam\u00e1 la vacuna contra el rotavirus se incluy\u00f3 en el cuadro de inmunizaciones. Batista aclara que la vacuna no evita que la persona se infecte, pero hace los cuadros sean m\u00e1s leves o sin complicaciones. <\/p>\n<p>&lsquo;Las medidas de prevenci\u00f3n deben ser durante todo el a\u00f1o. El lavado frecuente de manos, uso de geles antibacteriales&#8217;, recomienda el ped\u00edatra. <\/p>\n<p>Hay otros tipos de diarreas ocasionados por bacterias, m\u00e1s relacionadas a la falta de agua o contaminaci\u00f3n de alimentos. <\/p>\n<p>\u00a0 <\/p>\n","protected":false},"excerpt":{"rendered":"<p>Los casos de diarreas suelen aparecer durante todo el a\u00f1o. <a href=\"https:\/\/sertv.gob.pa\/nacionalfm\/la-diarrea-viral\/\"> [&#8230;]<\/a><\/p>\n","protected":false},"author":1,"featured_media":13993,"comment_status":"closed","ping_status":"closed","sticky":false,"template":"","format":"standard","meta":{"footnotes":""},"categories":[5],"tags":[],"class_list":["post-13992","post","type-post","status-publish","format-standard","has-post-thumbnail","hentry","category-salud"],"_links":{"self":[{"href":"https:\/\/sertv.gob.pa\/nacionalfm\/wp-json\/wp\/v2\/posts\/13992","targetHints":{"allow":["GET"]}}],"collection":[{"href":"https:\/\/sertv.gob.pa\/nacionalfm\/wp-json\/wp\/v2\/posts"}],"about":[{"href":"https:\/\/sertv.gob.pa\/nacionalfm\/wp-json\/wp\/v2\/types\/post"}],"author":[{"embeddable":true,"href":"https:\/\/sertv.gob.pa\/nacionalfm\/wp-json\/wp\/v2\/users\/1"}],"replies":[{"embeddable":true,"href":"https:\/\/sertv.gob.pa\/nacionalfm\/wp-json\/wp\/v2\/comments?post=13992"}],"version-history":[{"count":0,"href":"https:\/\/sertv.gob.pa\/nacionalfm\/wp-json\/wp\/v2\/posts\/13992\/revisions"}],"wp:featuredmedia":[{"embeddable":true,"href":"https:\/\/sertv.gob.pa\/nacionalfm\/wp-json\/wp\/v2\/media\/13993"}],"wp:attachment":[{"href":"https:\/\/sertv.gob.pa\/nacionalfm\/wp-json\/wp\/v2\/media?parent=13992"}],"wp:term":[{"taxonomy":"category","embeddable":true,"href":"https:\/\/sertv.gob.pa\/nacionalfm\/wp-json\/wp\/v2\/categories?post=13992"},{"taxonomy":"post_tag","embeddable":true,"href":"https:\/\/sertv.gob.pa\/nacionalfm\/wp-json\/wp\/v2\/tags?post=13992"}],"curies":[{"name":"wp","href":"https:\/\/api.w.org\/{rel}","templated":true}]}}