{"id":13996,"date":"2016-07-01T21:53:09","date_gmt":"2016-07-01T21:53:09","guid":{"rendered":""},"modified":"2016-07-01T21:53:09","modified_gmt":"2016-07-01T21:53:09","slug":"alcaldia-junto-al-cop-organizan-circuito-municipal-5-y-15-k","status":"publish","type":"post","link":"https:\/\/sertv.gob.pa\/nacionalfm\/alcaldia-junto-al-cop-organizan-circuito-municipal-5-y-15-k\/","title":{"rendered":"Alcald\u00eda junto al COP organizan Circuito Municipal 5 y 15 K"},"content":{"rendered":"<p>\nEste domingo 3 de julio la Alcald\u00eda de Panam\u00e1 celebrar\u00e1 el D\u00eda Ol\u00edmpico con la Carrera Ol\u00edmpica, en la Cinta Costera 3. <\/p>\n<p> Dicho evento se realizar\u00e1 en conjunto con el Comit\u00e9 Ol\u00edmpico de Panam\u00e1 y se denomina Circuito Municipal 5 y 15 K, a partir de las 6:30 a.m., iniciando desde el tramo marino.\u00a0  <\/p>\n<p> Los ganadores por cada categor\u00eda recibir\u00e1n, medallas, coronas de olivo, certificados de premiaci\u00f3n y t-shirt alusivo a la fecha.  <\/p>\n<p> Hay que resaltar que, la divisi\u00f3n de los 5 kil\u00f3metros contar\u00e1 con las categor\u00edas general, silla de ruedas \u00a0hasta 19 a\u00f1os de edad. Mientras que, en los 15 kil\u00f3metros se ver\u00e1 acci\u00f3n en la categor\u00eda hasta 19 a\u00f1os, 20 a 29, 30 a 39, 40 a 49, 50 a 59 y, 60 y m\u00e1s a\u00f1os, todas estas divisiones en rama masculina y femenina.  <\/p>\n<p> Agregado a esto, contaremos con el paseo de la antorcha ol\u00edmpica de los Juegos Ol\u00edmpicos de R\u00edo de Janeiro 2016, que se dar\u00e1n en Brasil, del 5 hasta el 21 de agosto pr\u00f3ximo.  <\/p>\n<p> Se esperan m\u00e1s de 400 personas, entre estos, participar\u00e1n unos 22 atletas como Eileen Grench, Atheyna Bylon, Aixa Middlenton, Kashany R\u00edos, Alvis Almendra, Rodolfo Waithe e Irving Saladino.  <\/p>\n<p>\u00a0 <\/p>\n<p>\u00a0 <\/p>\n","protected":false},"excerpt":{"rendered":"<p>Este domingo 3 de julio la Alcald\u00eda de Panam\u00e1 celebrar\u00e1 <a href=\"https:\/\/sertv.gob.pa\/nacionalfm\/alcaldia-junto-al-cop-organizan-circuito-municipal-5-y-15-k\/\"> [&#8230;]<\/a><\/p>\n","protected":false},"author":1,"featured_media":13997,"comment_status":"closed","ping_status":"closed","sticky":false,"template":"","format":"standard","meta":{"footnotes":""},"categories":[4],"tags":[],"class_list":["post-13996","post","type-post","status-publish","format-standard","has-post-thumbnail","hentry","category-deportes"],"_links":{"self":[{"href":"https:\/\/sertv.gob.pa\/nacionalfm\/wp-json\/wp\/v2\/posts\/13996","targetHints":{"allow":["GET"]}}],"collection":[{"href":"https:\/\/sertv.gob.pa\/nacionalfm\/wp-json\/wp\/v2\/posts"}],"about":[{"href":"https:\/\/sertv.gob.pa\/nacionalfm\/wp-json\/wp\/v2\/types\/post"}],"author":[{"embeddable":true,"href":"https:\/\/sertv.gob.pa\/nacionalfm\/wp-json\/wp\/v2\/users\/1"}],"replies":[{"embeddable":true,"href":"https:\/\/sertv.gob.pa\/nacionalfm\/wp-json\/wp\/v2\/comments?post=13996"}],"version-history":[{"count":0,"href":"https:\/\/sertv.gob.pa\/nacionalfm\/wp-json\/wp\/v2\/posts\/13996\/revisions"}],"wp:featuredmedia":[{"embeddable":true,"href":"https:\/\/sertv.gob.pa\/nacionalfm\/wp-json\/wp\/v2\/media\/13997"}],"wp:attachment":[{"href":"https:\/\/sertv.gob.pa\/nacionalfm\/wp-json\/wp\/v2\/media?parent=13996"}],"wp:term":[{"taxonomy":"category","embeddable":true,"href":"https:\/\/sertv.gob.pa\/nacionalfm\/wp-json\/wp\/v2\/categories?post=13996"},{"taxonomy":"post_tag","embeddable":true,"href":"https:\/\/sertv.gob.pa\/nacionalfm\/wp-json\/wp\/v2\/tags?post=13996"}],"curies":[{"name":"wp","href":"https:\/\/api.w.org\/{rel}","templated":true}]}}