{"id":1400,"date":"2014-09-03T05:00:00","date_gmt":"2014-09-03T05:00:00","guid":{"rendered":""},"modified":"2014-09-03T05:00:00","modified_gmt":"2014-09-03T05:00:00","slug":"autoridades-del-minsa-visitan-comarca-ngaebe-bugle-por-la-leptospirosis","status":"publish","type":"post","link":"https:\/\/sertv.gob.pa\/nacionalfm\/autoridades-del-minsa-visitan-comarca-ngaebe-bugle-por-la-leptospirosis\/","title":{"rendered":"Autoridades del MINSA visitan comarca Ng\u00e4be-Bugl\u00e9, por la leptospirosis"},"content":{"rendered":"<p>\nMoradores de las \u00e1reas de Bisira y Nutivi, en la comarca Ng\u00e4be-Bugl\u00e9, reportaron en fecha reciente, a un adulto y siete ni\u00f1os con dolor de cabeza, fiebre, v\u00f3mito y diarrea, s\u00edntomas compatibles con  leptospirosis.  <\/p>\n<p>Debido a ello, este mi\u00e9rcoles, 3 de septiembre, un contingente del Ministerio de Salud (MINSA) comarcal, el cual estar\u00e1 encabezado por la directora regional, Liliana Santamar\u00eda, efectuar\u00e1 una jornada de vacunaci\u00f3n y concienciaci\u00f3n en la regi\u00f3n. <\/p>\n<p>En relaci\u00f3n a esta actividad, el sacerdote Jos\u00e9 Tom\u00e1s Gonz\u00e1lez Medina, director del Colegio de Kankint\u00fa, dijo que la poblaci\u00f3n no soporta la incertidumbre y analiza tomar medidas de fuerza para que las autoridades le den la seriedad que se merece el caso. <\/p>\n<p>Hay que mencionar, que las autoridades del Ministerio de Salud, ratificaron la muerte de tres menores a causa de la  leptospirosis  en Sirian Arriba, las que se dieron entre julio y agosto pasado.\u00a0 @nacionalFm <\/p>\n","protected":false},"excerpt":{"rendered":"<p>Moradores de las \u00e1reas de Bisira y Nutivi, en la <a href=\"https:\/\/sertv.gob.pa\/nacionalfm\/autoridades-del-minsa-visitan-comarca-ngaebe-bugle-por-la-leptospirosis\/\"> [&#8230;]<\/a><\/p>\n","protected":false},"author":1,"featured_media":1401,"comment_status":"closed","ping_status":"closed","sticky":false,"template":"","format":"standard","meta":{"footnotes":""},"categories":[5],"tags":[],"class_list":["post-1400","post","type-post","status-publish","format-standard","has-post-thumbnail","hentry","category-salud"],"_links":{"self":[{"href":"https:\/\/sertv.gob.pa\/nacionalfm\/wp-json\/wp\/v2\/posts\/1400","targetHints":{"allow":["GET"]}}],"collection":[{"href":"https:\/\/sertv.gob.pa\/nacionalfm\/wp-json\/wp\/v2\/posts"}],"about":[{"href":"https:\/\/sertv.gob.pa\/nacionalfm\/wp-json\/wp\/v2\/types\/post"}],"author":[{"embeddable":true,"href":"https:\/\/sertv.gob.pa\/nacionalfm\/wp-json\/wp\/v2\/users\/1"}],"replies":[{"embeddable":true,"href":"https:\/\/sertv.gob.pa\/nacionalfm\/wp-json\/wp\/v2\/comments?post=1400"}],"version-history":[{"count":0,"href":"https:\/\/sertv.gob.pa\/nacionalfm\/wp-json\/wp\/v2\/posts\/1400\/revisions"}],"wp:featuredmedia":[{"embeddable":true,"href":"https:\/\/sertv.gob.pa\/nacionalfm\/wp-json\/wp\/v2\/media\/1401"}],"wp:attachment":[{"href":"https:\/\/sertv.gob.pa\/nacionalfm\/wp-json\/wp\/v2\/media?parent=1400"}],"wp:term":[{"taxonomy":"category","embeddable":true,"href":"https:\/\/sertv.gob.pa\/nacionalfm\/wp-json\/wp\/v2\/categories?post=1400"},{"taxonomy":"post_tag","embeddable":true,"href":"https:\/\/sertv.gob.pa\/nacionalfm\/wp-json\/wp\/v2\/tags?post=1400"}],"curies":[{"name":"wp","href":"https:\/\/api.w.org\/{rel}","templated":true}]}}