{"id":14004,"date":"2016-07-04T16:10:29","date_gmt":"2016-07-04T16:10:29","guid":{"rendered":""},"modified":"2016-07-04T16:10:29","modified_gmt":"2016-07-04T16:10:29","slug":"panameno-israel-duffus-participa-hoy-en-preolimpico-de-venezuela","status":"publish","type":"post","link":"https:\/\/sertv.gob.pa\/nacionalfm\/panameno-israel-duffus-participa-hoy-en-preolimpico-de-venezuela\/","title":{"rendered":"Paname\u00f1o Israel Duffus participa hoy en Preol\u00edmpico de Venezuela"},"content":{"rendered":"<p>\nEl p\u00fagil paname\u00f1o Israel Duffus participar\u00e1 hoy en el preol\u00edmpico de boxeadores profesionales que se efectuar\u00e1 en Venezuela. <\/p>\n<p>Duffus se enfrenta al croata Marko Calic, en la primera sesi\u00f3n del d\u00eda de hoy. <\/p>\n<p>Israel Duffus fue campe\u00f3n nacional Guantes de Oro los a\u00f1os 2008, 2009 y 2010, represent\u00f3 a Panam\u00e1 en diversos torneos internacionales, obteniendo medalla de bronce en los Juegos Bolivarianos celebrados en Bolivia, en los Juegos Centroamericanos \u00a0y del Caribe efectuados en el 2010 en Mayag\u00fcez, Puerto Rico, en un Torneo Continental Juvenil en Rep\u00fablica Dominicana, incluyendo un Mundial Juvenil. <\/p>\n<p>Fue medalla de oro en los Juegos Centroamericanos celebrados en Guatemala en el a\u00f1o 2008 y en Panam\u00e1, en el a\u00f1o 2010 y de igualmanera se alz\u00f3 con la presea dorada en el Campeonato Centroamericano celebrado en Costa Rica en a\u00f1o 2010. <\/p>\n<p>En el boxeo profesional Israel Duffus tiene un r\u00e9cord de 11 victorias con 3 derrotas y 9 ganadas por K.O. <\/p>\n<p>\u00a0 <\/p>\n","protected":false},"excerpt":{"rendered":"<p>El p\u00fagil paname\u00f1o Israel Duffus participar\u00e1 hoy en el preol\u00edmpico <a href=\"https:\/\/sertv.gob.pa\/nacionalfm\/panameno-israel-duffus-participa-hoy-en-preolimpico-de-venezuela\/\"> [&#8230;]<\/a><\/p>\n","protected":false},"author":1,"featured_media":14005,"comment_status":"closed","ping_status":"closed","sticky":false,"template":"","format":"standard","meta":{"footnotes":""},"categories":[4],"tags":[],"class_list":["post-14004","post","type-post","status-publish","format-standard","has-post-thumbnail","hentry","category-deportes"],"_links":{"self":[{"href":"https:\/\/sertv.gob.pa\/nacionalfm\/wp-json\/wp\/v2\/posts\/14004","targetHints":{"allow":["GET"]}}],"collection":[{"href":"https:\/\/sertv.gob.pa\/nacionalfm\/wp-json\/wp\/v2\/posts"}],"about":[{"href":"https:\/\/sertv.gob.pa\/nacionalfm\/wp-json\/wp\/v2\/types\/post"}],"author":[{"embeddable":true,"href":"https:\/\/sertv.gob.pa\/nacionalfm\/wp-json\/wp\/v2\/users\/1"}],"replies":[{"embeddable":true,"href":"https:\/\/sertv.gob.pa\/nacionalfm\/wp-json\/wp\/v2\/comments?post=14004"}],"version-history":[{"count":0,"href":"https:\/\/sertv.gob.pa\/nacionalfm\/wp-json\/wp\/v2\/posts\/14004\/revisions"}],"wp:featuredmedia":[{"embeddable":true,"href":"https:\/\/sertv.gob.pa\/nacionalfm\/wp-json\/wp\/v2\/media\/14005"}],"wp:attachment":[{"href":"https:\/\/sertv.gob.pa\/nacionalfm\/wp-json\/wp\/v2\/media?parent=14004"}],"wp:term":[{"taxonomy":"category","embeddable":true,"href":"https:\/\/sertv.gob.pa\/nacionalfm\/wp-json\/wp\/v2\/categories?post=14004"},{"taxonomy":"post_tag","embeddable":true,"href":"https:\/\/sertv.gob.pa\/nacionalfm\/wp-json\/wp\/v2\/tags?post=14004"}],"curies":[{"name":"wp","href":"https:\/\/api.w.org\/{rel}","templated":true}]}}