{"id":14022,"date":"2016-07-04T21:05:05","date_gmt":"2016-07-04T21:05:05","guid":{"rendered":""},"modified":"2016-07-04T21:05:05","modified_gmt":"2016-07-04T21:05:05","slug":"pandeportes-entrega-pabellon-nacional-para-codicader","status":"publish","type":"post","link":"https:\/\/sertv.gob.pa\/nacionalfm\/pandeportes-entrega-pabellon-nacional-para-codicader\/","title":{"rendered":"PANDEPORTES entrega pabell\u00f3n nacional para CODICADER"},"content":{"rendered":"<p>\nEl Instituto Paname\u00f1o de Deportes entregar\u00e1 el pabell\u00f3n nacional a la delegaci\u00f3n que nos representar\u00e1 en los VIII Juegos Escolares Centroamericanos a nivel primario del Consejo del Istmo Centroamericano \u00a0del Deporte y Recreaci\u00f3n (CODICADER), que se efectuar\u00e1 del 6 al 11 de julio en Belice. <\/p>\n<p>La entrega de la bandera paname\u00f1a se realizar\u00e1 ma\u00f1ana martes 5 de julio, a las 3:30 p.m, en el edificio principal de PANDEPORTES, ubicado en la ciudad deportiva Irving Saladino, donde estar\u00e1 presente el director general de la instituci\u00f3n, Roberto Arango, autoridades del Ministerio de Educaci\u00f3n y los atletas que ver\u00e1n acci\u00f3n en la justa centroamericana. <\/p>\n<p>Panam\u00e1 estar\u00e1 en Belice con una delegaci\u00f3n de 107 personas, entre ellos 72 atletas que participar\u00e1n en las disciplinas de voleibol, f\u00fatbol 7, baloncesto y tenis de mesa, en las ramas masculina y femenina. <\/p>\n<p>\u00a0 <\/p>\n","protected":false},"excerpt":{"rendered":"<p>El Instituto Paname\u00f1o de Deportes entregar\u00e1 el pabell\u00f3n nacional a <a href=\"https:\/\/sertv.gob.pa\/nacionalfm\/pandeportes-entrega-pabellon-nacional-para-codicader\/\"> [&#8230;]<\/a><\/p>\n","protected":false},"author":1,"featured_media":14023,"comment_status":"closed","ping_status":"closed","sticky":false,"template":"","format":"standard","meta":{"footnotes":""},"categories":[4],"tags":[],"class_list":["post-14022","post","type-post","status-publish","format-standard","has-post-thumbnail","hentry","category-deportes"],"_links":{"self":[{"href":"https:\/\/sertv.gob.pa\/nacionalfm\/wp-json\/wp\/v2\/posts\/14022","targetHints":{"allow":["GET"]}}],"collection":[{"href":"https:\/\/sertv.gob.pa\/nacionalfm\/wp-json\/wp\/v2\/posts"}],"about":[{"href":"https:\/\/sertv.gob.pa\/nacionalfm\/wp-json\/wp\/v2\/types\/post"}],"author":[{"embeddable":true,"href":"https:\/\/sertv.gob.pa\/nacionalfm\/wp-json\/wp\/v2\/users\/1"}],"replies":[{"embeddable":true,"href":"https:\/\/sertv.gob.pa\/nacionalfm\/wp-json\/wp\/v2\/comments?post=14022"}],"version-history":[{"count":0,"href":"https:\/\/sertv.gob.pa\/nacionalfm\/wp-json\/wp\/v2\/posts\/14022\/revisions"}],"wp:featuredmedia":[{"embeddable":true,"href":"https:\/\/sertv.gob.pa\/nacionalfm\/wp-json\/wp\/v2\/media\/14023"}],"wp:attachment":[{"href":"https:\/\/sertv.gob.pa\/nacionalfm\/wp-json\/wp\/v2\/media?parent=14022"}],"wp:term":[{"taxonomy":"category","embeddable":true,"href":"https:\/\/sertv.gob.pa\/nacionalfm\/wp-json\/wp\/v2\/categories?post=14022"},{"taxonomy":"post_tag","embeddable":true,"href":"https:\/\/sertv.gob.pa\/nacionalfm\/wp-json\/wp\/v2\/tags?post=14022"}],"curies":[{"name":"wp","href":"https:\/\/api.w.org\/{rel}","templated":true}]}}