{"id":14024,"date":"2016-07-04T21:19:16","date_gmt":"2016-07-04T21:19:16","guid":{"rendered":""},"modified":"2016-07-04T21:19:16","modified_gmt":"2016-07-04T21:19:16","slug":"israel-duffus-pierde-pero-entra-en-la-historia-panamena","status":"publish","type":"post","link":"https:\/\/sertv.gob.pa\/nacionalfm\/israel-duffus-pierde-pero-entra-en-la-historia-panamena\/","title":{"rendered":"Israel Duffus pierde, pero entra en la historia paname\u00f1a"},"content":{"rendered":"<p>\nEl p\u00fagil paname\u00f1o Israel Duffus pierde, pero entra en la historia del boxeo paname\u00f1o al participar en representaci\u00f3n de Panam\u00e1 en el primer preol\u00edmpico de boxeadores profesionales efectuado en Venezuela. <\/p>\n<p>Duffus perdi\u00f3 por decisi\u00f3n un\u00e1nime ante el croata Marko Calic en la primera sesi\u00f3n del clasificatorio del d\u00eda de hoy. <\/p>\n","protected":false},"excerpt":{"rendered":"<p>El p\u00fagil paname\u00f1o Israel Duffus pierde, pero entra en la <a href=\"https:\/\/sertv.gob.pa\/nacionalfm\/israel-duffus-pierde-pero-entra-en-la-historia-panamena\/\"> [&#8230;]<\/a><\/p>\n","protected":false},"author":1,"featured_media":14025,"comment_status":"closed","ping_status":"closed","sticky":false,"template":"","format":"standard","meta":{"footnotes":""},"categories":[4],"tags":[],"class_list":["post-14024","post","type-post","status-publish","format-standard","has-post-thumbnail","hentry","category-deportes"],"_links":{"self":[{"href":"https:\/\/sertv.gob.pa\/nacionalfm\/wp-json\/wp\/v2\/posts\/14024","targetHints":{"allow":["GET"]}}],"collection":[{"href":"https:\/\/sertv.gob.pa\/nacionalfm\/wp-json\/wp\/v2\/posts"}],"about":[{"href":"https:\/\/sertv.gob.pa\/nacionalfm\/wp-json\/wp\/v2\/types\/post"}],"author":[{"embeddable":true,"href":"https:\/\/sertv.gob.pa\/nacionalfm\/wp-json\/wp\/v2\/users\/1"}],"replies":[{"embeddable":true,"href":"https:\/\/sertv.gob.pa\/nacionalfm\/wp-json\/wp\/v2\/comments?post=14024"}],"version-history":[{"count":0,"href":"https:\/\/sertv.gob.pa\/nacionalfm\/wp-json\/wp\/v2\/posts\/14024\/revisions"}],"wp:featuredmedia":[{"embeddable":true,"href":"https:\/\/sertv.gob.pa\/nacionalfm\/wp-json\/wp\/v2\/media\/14025"}],"wp:attachment":[{"href":"https:\/\/sertv.gob.pa\/nacionalfm\/wp-json\/wp\/v2\/media?parent=14024"}],"wp:term":[{"taxonomy":"category","embeddable":true,"href":"https:\/\/sertv.gob.pa\/nacionalfm\/wp-json\/wp\/v2\/categories?post=14024"},{"taxonomy":"post_tag","embeddable":true,"href":"https:\/\/sertv.gob.pa\/nacionalfm\/wp-json\/wp\/v2\/tags?post=14024"}],"curies":[{"name":"wp","href":"https:\/\/api.w.org\/{rel}","templated":true}]}}